{"id":10753,"date":"2018-06-21T18:05:34","date_gmt":"2018-06-21T21:05:34","guid":{"rendered":"http:\/\/www.ifbaiano.edu.br\/unidades\/lapa\/?p=10753"},"modified":"2018-07-06T10:54:24","modified_gmt":"2018-07-06T13:54:24","slug":"campus-bom-jesus-da-lapa-realizou-o-mosaico-cultural-velho-chico","status":"publish","type":"post","link":"https:\/\/www.ifbaiano.edu.br\/unidades\/lapa\/2018\/06\/21\/campus-bom-jesus-da-lapa-realizou-o-mosaico-cultural-velho-chico\/","title":{"rendered":"Campus Bom Jesus da Lapa realizou o Mosaico Cultural Velho Chico"},"content":{"rendered":"<p>O IF Baiano, Campus Bom Jesus da Lapa, realizou no dia 08 de junho de 2018 a Mostra Cultural: Mosaico Cultural Velho Chico. O evento proporcionou um mergulho cultural atrav\u00e9s de apresenta\u00e7\u00f5es, oficinas e exposi\u00e7\u00f5es ligadas \u00e0 arte e \u00e0 cultura do Territ\u00f3rio Velho Chico. Atrav\u00e9s da diversidade sociocultural do territ\u00f3rio, a Mostra buscou a intera\u00e7\u00e3o entre a comunidade escolar e a comunidade externa, promovendo a troca de experi\u00eancia entre servidores e estudantes.<\/p>\n<p>Ao todo, foram ofertadas 13 oficinas: Identidade: Existo porque resisto; Conhecendo o Samba de Roda, Turbante-se e Entrelace Africanidades; Jiu Jitsu e Taekwondo; Fotografia B\u00e1sica; E a\u00ed? Vamos fuxicar?; Ingl\u00eas com M\u00fasica; Narrativas em Libras; Cordel; Sinestesia do Comer; IF Digital; Forr\u00f3; Inicia\u00e7\u00e3o ao Teatro. A mostra contou ainda com apresenta\u00e7\u00f5es teatrais (Teatro Sert\u00e3o em Cores e Minist\u00e9rio de Teatro Evangelizart), dan\u00e7as (participa\u00e7\u00e3o do grupo IF Dance), m\u00fasicas, recital po\u00e9tico e participa\u00e7\u00e3o do Grupo de capoeira Ginga Bahia. O musical ficou ainda mais rico com a participa\u00e7\u00e3o do cantor e compositor Paulo Ara\u00fajo, representante da cultura musical da Bacia do Velho Chico.<\/p>\n<p>Para o professor \u00c9rico Fran\u00e7a &#8220;A Mostra Cultural Velho Chico constituiu-se numa miscel\u00e2nea de cores, de texturas, de aromas, de sabores, de sons, de prazeres, de resist\u00eancias, de representa\u00e7\u00f5es, de ressignifica\u00e7\u00f5es. O arcabou\u00e7o sensorial dos part\u00edcipes de t\u00e3o grandioso evento (com certeza) foi acarinhado.<\/p>\n<p>Segundo a Pedagoga Janine Couto, a oficina ministrada por ela e pela professora Haudrey Germiniani possibilitou &#8220;trazer para dentro do IF Lapa di\u00e1logos sobre como a mulher, em especial a mulher negra, tem resistido cotidianamente ao machismo e ao racismo&#8221;.<\/p>\n<p>O Diretor Acad\u00eamico, Helder Sampaio, considerou a mostra um momento importante para o resgate e fortalecimento da cultura do territ\u00f3rio Velho Chico. Para ele, o evento j\u00e1 faz parte do calend\u00e1rio do Campus, pois reconhece como uma pr\u00e1tica exitosa, a associa\u00e7\u00e3o de manifesta\u00e7\u00f5es culturais ao processo de aprendizagem.<\/p>\n<p>O Coordenador de Extens\u00e3o, Junio Batista, destacou o momento como um importante espa\u00e7o de difus\u00e3o cultural, uma vez que congregou artistas, grupos, artes\u00e3os, diversos profissionais que trabalham com a arte no territ\u00f3rio. Para ele, \u201c a\u00e7\u00f5es como essa colaboram com a proje\u00e7\u00e3o da imagem institucional perante a comunidade do territ\u00f3rio velho Chico e d\u00e3o sentido \u00e0s nossas a\u00e7\u00f5es cotidianas, uma vez que fortalece o trip\u00e9, ensino, pesquisa e extens\u00e3o&#8221;. A Mostra, atenta \u00e0s necessidades de se pensar a inclus\u00e3o em nosso territ\u00f3rio, em especial, no Campus Bom Jesus da Lapa, trouxe em sua programa\u00e7\u00e3o a oficina narrativas em libras.<\/p>\n<p>Para Luciana Teixeira, Tradutora e Interprete de Libras, a oficina, criada para o p\u00fablico surdo, proporcionou conhecimentos acerca da cultura surda, das diversas narrativas criadas em libras, da possibilidade que o sujeito surdo tem de desenvolver e de se inserir nos diversos espa\u00e7os que comp\u00f5em a sociedade e de que ele \u00e9 um sujeito de direito assim com os demais s\u00e3o. A oficina fortaleceu a participa\u00e7\u00e3o e inclus\u00e3o da comunidade surda.<\/p>\n<p>Para a comiss\u00e3o organizadora do evento, a mobiliza\u00e7\u00e3o da comunidade acad\u00eamica e seu entorno coloriram a mostra com a cara e o jeito de ser do povo nordestino, ribeirinho e quilombola: melodia, resist\u00eancia, alegria, emo\u00e7\u00e3o e sonho caracterizaram o evento.<\/p>\n<p>A seguir, s\u00e3o apresentadas algumas fotos que representam um pouco da din\u00e2mica do evento.<\/p>\n<p><b>Fonte:<\/b> Comiss\u00e3o Organizadora do Evento: Valdin\u00e9ia Antunes, Junio Batista, Grace Itana, Carla Cristina, Mois\u00e9s Mendes, Caroline Cunha e Jorge Abdon.<\/p>\n<p>&nbsp;<\/p>\n\n\t\t<style type=\"text\/css\">\n\t\t\t#gallery-1 {\n\t\t\t\tmargin: auto;\n\t\t\t}\n\t\t\t#gallery-1 .gallery-item {\n\t\t\t\tfloat: left;\n\t\t\t\tmargin-top: 10px;\n\t\t\t\ttext-align: center;\n\t\t\t\twidth: 33%;\n\t\t\t}\n\t\t\t#gallery-1 img {\n\t\t\t\tborder: 2px solid #cfcfcf;\n\t\t\t}\n\t\t\t#gallery-1 .gallery-caption {\n\t\t\t\tmargin-left: 0;\n\t\t\t}\n\t\t\t\/* see gallery_shortcode() in wp-includes\/media.php *\/\n\t\t<\/style>\n\t\t<div id='gallery-1' class='gallery galleryid-10753 gallery-columns-3 gallery-size-thumbnail'><dl class='gallery-item'>\n\t\t\t<dt class='gallery-icon landscape'>\n\t\t\t\t<a href='https:\/\/www.ifbaiano.edu.br\/unidades\/lapa\/2018\/06\/21\/campus-bom-jesus-da-lapa-realizou-o-mosaico-cultural-velho-chico\/arte-3\/'><img width=\"150\" height=\"107\" src=\"https:\/\/www.ifbaiano.edu.br\/unidades\/lapa\/files\/2018\/06\/arte.jpeg\" class=\"attachment-thumbnail size-thumbnail\" alt=\"\" decoding=\"async\" loading=\"lazy\" \/><\/a>\n\t\t\t<\/dt><\/dl><dl class='gallery-item'>\n\t\t\t<dt class='gallery-icon landscape'>\n\t\t\t\t<a href='https:\/\/www.ifbaiano.edu.br\/unidades\/lapa\/2018\/06\/21\/campus-bom-jesus-da-lapa-realizou-o-mosaico-cultural-velho-chico\/1-2\/'><img width=\"150\" height=\"113\" src=\"https:\/\/www.ifbaiano.edu.br\/unidades\/lapa\/files\/2018\/06\/1.png\" class=\"attachment-thumbnail size-thumbnail\" alt=\"\" decoding=\"async\" loading=\"lazy\" \/><\/a>\n\t\t\t<\/dt><\/dl><dl class='gallery-item'>\n\t\t\t<dt class='gallery-icon landscape'>\n\t\t\t\t<a href='https:\/\/www.ifbaiano.edu.br\/unidades\/lapa\/2018\/06\/21\/campus-bom-jesus-da-lapa-realizou-o-mosaico-cultural-velho-chico\/attachment\/2\/'><img width=\"150\" height=\"113\" src=\"https:\/\/www.ifbaiano.edu.br\/unidades\/lapa\/files\/2018\/06\/2.png\" class=\"attachment-thumbnail size-thumbnail\" alt=\"\" decoding=\"async\" loading=\"lazy\" \/><\/a>\n\t\t\t<\/dt><\/dl><br style=\"clear: both\" \/><dl class='gallery-item'>\n\t\t\t<dt class='gallery-icon landscape'>\n\t\t\t\t<a href='https:\/\/www.ifbaiano.edu.br\/unidades\/lapa\/2018\/06\/21\/campus-bom-jesus-da-lapa-realizou-o-mosaico-cultural-velho-chico\/attachment\/3\/'><img width=\"150\" height=\"112\" src=\"https:\/\/www.ifbaiano.edu.br\/unidades\/lapa\/files\/2018\/06\/3.png\" class=\"attachment-thumbnail size-thumbnail\" alt=\"\" decoding=\"async\" loading=\"lazy\" \/><\/a>\n\t\t\t<\/dt><\/dl><dl class='gallery-item'>\n\t\t\t<dt class='gallery-icon landscape'>\n\t\t\t\t<a href='https:\/\/www.ifbaiano.edu.br\/unidades\/lapa\/2018\/06\/21\/campus-bom-jesus-da-lapa-realizou-o-mosaico-cultural-velho-chico\/attachment\/4\/'><img width=\"150\" height=\"112\" src=\"https:\/\/www.ifbaiano.edu.br\/unidades\/lapa\/files\/2018\/06\/4.png\" class=\"attachment-thumbnail size-thumbnail\" alt=\"\" decoding=\"async\" loading=\"lazy\" \/><\/a>\n\t\t\t<\/dt><\/dl><dl class='gallery-item'>\n\t\t\t<dt class='gallery-icon landscape'>\n\t\t\t\t<a href='https:\/\/www.ifbaiano.edu.br\/unidades\/lapa\/2018\/06\/21\/campus-bom-jesus-da-lapa-realizou-o-mosaico-cultural-velho-chico\/attachment\/5\/'><img width=\"150\" height=\"112\" src=\"https:\/\/www.ifbaiano.edu.br\/unidades\/lapa\/files\/2018\/06\/5.png\" class=\"attachment-thumbnail size-thumbnail\" alt=\"\" decoding=\"async\" loading=\"lazy\" \/><\/a>\n\t\t\t<\/dt><\/dl><br style=\"clear: both\" \/><dl class='gallery-item'>\n\t\t\t<dt class='gallery-icon landscape'>\n\t\t\t\t<a href='https:\/\/www.ifbaiano.edu.br\/unidades\/lapa\/2018\/06\/21\/campus-bom-jesus-da-lapa-realizou-o-mosaico-cultural-velho-chico\/attachment\/6\/'><img width=\"150\" height=\"113\" src=\"https:\/\/www.ifbaiano.edu.br\/unidades\/lapa\/files\/2018\/06\/6.png\" class=\"attachment-thumbnail size-thumbnail\" alt=\"\" decoding=\"async\" loading=\"lazy\" \/><\/a>\n\t\t\t<\/dt><\/dl><dl class='gallery-item'>\n\t\t\t<dt class='gallery-icon landscape'>\n\t\t\t\t<a href='https:\/\/www.ifbaiano.edu.br\/unidades\/lapa\/2018\/06\/21\/campus-bom-jesus-da-lapa-realizou-o-mosaico-cultural-velho-chico\/attachment\/7\/'><img width=\"150\" height=\"113\" src=\"https:\/\/www.ifbaiano.edu.br\/unidades\/lapa\/files\/2018\/06\/7.png\" class=\"attachment-thumbnail size-thumbnail\" alt=\"\" decoding=\"async\" loading=\"lazy\" \/><\/a>\n\t\t\t<\/dt><\/dl><dl class='gallery-item'>\n\t\t\t<dt class='gallery-icon landscape'>\n\t\t\t\t<a href='https:\/\/www.ifbaiano.edu.br\/unidades\/lapa\/2018\/06\/21\/campus-bom-jesus-da-lapa-realizou-o-mosaico-cultural-velho-chico\/attachment\/8\/'><img width=\"150\" height=\"113\" src=\"https:\/\/www.ifbaiano.edu.br\/unidades\/lapa\/files\/2018\/06\/8.png\" class=\"attachment-thumbnail size-thumbnail\" alt=\"\" decoding=\"async\" loading=\"lazy\" \/><\/a>\n\t\t\t<\/dt><\/dl><br style=\"clear: both\" \/><dl class='gallery-item'>\n\t\t\t<dt class='gallery-icon landscape'>\n\t\t\t\t<a href='https:\/\/www.ifbaiano.edu.br\/unidades\/lapa\/2018\/06\/21\/campus-bom-jesus-da-lapa-realizou-o-mosaico-cultural-velho-chico\/attachment\/9\/'><img width=\"150\" height=\"113\" src=\"https:\/\/www.ifbaiano.edu.br\/unidades\/lapa\/files\/2018\/06\/9.png\" class=\"attachment-thumbnail size-thumbnail\" alt=\"\" decoding=\"async\" loading=\"lazy\" \/><\/a>\n\t\t\t<\/dt><\/dl><dl class='gallery-item'>\n\t\t\t<dt class='gallery-icon landscape'>\n\t\t\t\t<a href='https:\/\/www.ifbaiano.edu.br\/unidades\/lapa\/2018\/06\/21\/campus-bom-jesus-da-lapa-realizou-o-mosaico-cultural-velho-chico\/attachment\/10\/'><img width=\"150\" height=\"112\" src=\"https:\/\/www.ifbaiano.edu.br\/unidades\/lapa\/files\/2018\/06\/10.png\" class=\"attachment-thumbnail size-thumbnail\" alt=\"\" decoding=\"async\" loading=\"lazy\" \/><\/a>\n\t\t\t<\/dt><\/dl><dl class='gallery-item'>\n\t\t\t<dt class='gallery-icon landscape'>\n\t\t\t\t<a href='https:\/\/www.ifbaiano.edu.br\/unidades\/lapa\/2018\/06\/21\/campus-bom-jesus-da-lapa-realizou-o-mosaico-cultural-velho-chico\/attachment\/11\/'><img width=\"150\" height=\"112\" src=\"https:\/\/www.ifbaiano.edu.br\/unidades\/lapa\/files\/2018\/06\/11.png\" class=\"attachment-thumbnail size-thumbnail\" alt=\"\" decoding=\"async\" loading=\"lazy\" \/><\/a>\n\t\t\t<\/dt><\/dl><br style=\"clear: both\" \/><dl class='gallery-item'>\n\t\t\t<dt class='gallery-icon landscape'>\n\t\t\t\t<a href='https:\/\/www.ifbaiano.edu.br\/unidades\/lapa\/2018\/06\/21\/campus-bom-jesus-da-lapa-realizou-o-mosaico-cultural-velho-chico\/img_2579\/'><img width=\"150\" height=\"100\" src=\"https:\/\/www.ifbaiano.edu.br\/unidades\/lapa\/files\/2018\/06\/IMG_2579.jpg\" class=\"attachment-thumbnail size-thumbnail\" alt=\"\" decoding=\"async\" loading=\"lazy\" \/><\/a>\n\t\t\t<\/dt><\/dl><dl class='gallery-item'>\n\t\t\t<dt class='gallery-icon landscape'>\n\t\t\t\t<a href='https:\/\/www.ifbaiano.edu.br\/unidades\/lapa\/2018\/06\/21\/campus-bom-jesus-da-lapa-realizou-o-mosaico-cultural-velho-chico\/img_2580\/'><img width=\"150\" height=\"100\" src=\"https:\/\/www.ifbaiano.edu.br\/unidades\/lapa\/files\/2018\/06\/IMG_2580.jpg\" class=\"attachment-thumbnail size-thumbnail\" alt=\"\" decoding=\"async\" loading=\"lazy\" \/><\/a>\n\t\t\t<\/dt><\/dl><dl class='gallery-item'>\n\t\t\t<dt class='gallery-icon landscape'>\n\t\t\t\t<a href='https:\/\/www.ifbaiano.edu.br\/unidades\/lapa\/2018\/06\/21\/campus-bom-jesus-da-lapa-realizou-o-mosaico-cultural-velho-chico\/img_2581\/'><img width=\"150\" height=\"100\" src=\"https:\/\/www.ifbaiano.edu.br\/unidades\/lapa\/files\/2018\/06\/IMG_2581.jpg\" class=\"attachment-thumbnail size-thumbnail\" alt=\"\" decoding=\"async\" loading=\"lazy\" \/><\/a>\n\t\t\t<\/dt><\/dl><br style=\"clear: both\" \/><dl class='gallery-item'>\n\t\t\t<dt class='gallery-icon landscape'>\n\t\t\t\t<a href='https:\/\/www.ifbaiano.edu.br\/unidades\/lapa\/2018\/06\/21\/campus-bom-jesus-da-lapa-realizou-o-mosaico-cultural-velho-chico\/img_2583\/'><img width=\"150\" height=\"100\" src=\"https:\/\/www.ifbaiano.edu.br\/unidades\/lapa\/files\/2018\/06\/IMG_2583.jpg\" class=\"attachment-thumbnail size-thumbnail\" alt=\"\" decoding=\"async\" loading=\"lazy\" \/><\/a>\n\t\t\t<\/dt><\/dl><dl class='gallery-item'>\n\t\t\t<dt class='gallery-icon landscape'>\n\t\t\t\t<a href='https:\/\/www.ifbaiano.edu.br\/unidades\/lapa\/2018\/06\/21\/campus-bom-jesus-da-lapa-realizou-o-mosaico-cultural-velho-chico\/img_2593\/'><img width=\"150\" height=\"100\" src=\"https:\/\/www.ifbaiano.edu.br\/unidades\/lapa\/files\/2018\/06\/IMG_2593.jpg\" class=\"attachment-thumbnail size-thumbnail\" alt=\"\" decoding=\"async\" loading=\"lazy\" \/><\/a>\n\t\t\t<\/dt><\/dl><dl class='gallery-item'>\n\t\t\t<dt class='gallery-icon landscape'>\n\t\t\t\t<a href='https:\/\/www.ifbaiano.edu.br\/unidades\/lapa\/2018\/06\/21\/campus-bom-jesus-da-lapa-realizou-o-mosaico-cultural-velho-chico\/img_2595\/'><img width=\"150\" height=\"100\" src=\"https:\/\/www.ifbaiano.edu.br\/unidades\/lapa\/files\/2018\/06\/IMG_2595.jpg\" class=\"attachment-thumbnail size-thumbnail\" alt=\"\" decoding=\"async\" loading=\"lazy\" \/><\/a>\n\t\t\t<\/dt><\/dl><br style=\"clear: both\" \/><dl class='gallery-item'>\n\t\t\t<dt class='gallery-icon landscape'>\n\t\t\t\t<a href='https:\/\/www.ifbaiano.edu.br\/unidades\/lapa\/2018\/06\/21\/campus-bom-jesus-da-lapa-realizou-o-mosaico-cultural-velho-chico\/img_2597\/'><img width=\"150\" height=\"100\" src=\"https:\/\/www.ifbaiano.edu.br\/unidades\/lapa\/files\/2018\/06\/IMG_2597.jpg\" class=\"attachment-thumbnail size-thumbnail\" alt=\"\" decoding=\"async\" loading=\"lazy\" \/><\/a>\n\t\t\t<\/dt><\/dl><dl class='gallery-item'>\n\t\t\t<dt class='gallery-icon landscape'>\n\t\t\t\t<a href='https:\/\/www.ifbaiano.edu.br\/unidades\/lapa\/2018\/06\/21\/campus-bom-jesus-da-lapa-realizou-o-mosaico-cultural-velho-chico\/img_2600\/'><img width=\"150\" height=\"100\" src=\"https:\/\/www.ifbaiano.edu.br\/unidades\/lapa\/files\/2018\/06\/IMG_2600.jpg\" class=\"attachment-thumbnail size-thumbnail\" alt=\"\" decoding=\"async\" loading=\"lazy\" \/><\/a>\n\t\t\t<\/dt><\/dl><dl class='gallery-item'>\n\t\t\t<dt class='gallery-icon landscape'>\n\t\t\t\t<a href='https:\/\/www.ifbaiano.edu.br\/unidades\/lapa\/2018\/06\/21\/campus-bom-jesus-da-lapa-realizou-o-mosaico-cultural-velho-chico\/img_2601\/'><img width=\"150\" height=\"100\" src=\"https:\/\/www.ifbaiano.edu.br\/unidades\/lapa\/files\/2018\/06\/IMG_2601.jpg\" class=\"attachment-thumbnail size-thumbnail\" alt=\"\" decoding=\"async\" loading=\"lazy\" \/><\/a>\n\t\t\t<\/dt><\/dl><br style=\"clear: both\" \/><dl class='gallery-item'>\n\t\t\t<dt class='gallery-icon landscape'>\n\t\t\t\t<a href='https:\/\/www.ifbaiano.edu.br\/unidades\/lapa\/2018\/06\/21\/campus-bom-jesus-da-lapa-realizou-o-mosaico-cultural-velho-chico\/img_2605\/'><img width=\"150\" height=\"100\" src=\"https:\/\/www.ifbaiano.edu.br\/unidades\/lapa\/files\/2018\/06\/IMG_2605.jpg\" class=\"attachment-thumbnail size-thumbnail\" alt=\"\" decoding=\"async\" loading=\"lazy\" \/><\/a>\n\t\t\t<\/dt><\/dl><dl class='gallery-item'>\n\t\t\t<dt class='gallery-icon landscape'>\n\t\t\t\t<a href='https:\/\/www.ifbaiano.edu.br\/unidades\/lapa\/2018\/06\/21\/campus-bom-jesus-da-lapa-realizou-o-mosaico-cultural-velho-chico\/img_2609\/'><img width=\"150\" height=\"100\" src=\"https:\/\/www.ifbaiano.edu.br\/unidades\/lapa\/files\/2018\/06\/IMG_2609.jpg\" class=\"attachment-thumbnail size-thumbnail\" alt=\"\" decoding=\"async\" loading=\"lazy\" \/><\/a>\n\t\t\t<\/dt><\/dl><dl class='gallery-item'>\n\t\t\t<dt class='gallery-icon landscape'>\n\t\t\t\t<a href='https:\/\/www.ifbaiano.edu.br\/unidades\/lapa\/2018\/06\/21\/campus-bom-jesus-da-lapa-realizou-o-mosaico-cultural-velho-chico\/img_2610\/'><img width=\"150\" height=\"100\" src=\"https:\/\/www.ifbaiano.edu.br\/unidades\/lapa\/files\/2018\/06\/IMG_2610.jpg\" class=\"attachment-thumbnail size-thumbnail\" alt=\"\" decoding=\"async\" loading=\"lazy\" \/><\/a>\n\t\t\t<\/dt><\/dl><br style=\"clear: both\" \/><dl class='gallery-item'>\n\t\t\t<dt class='gallery-icon landscape'>\n\t\t\t\t<a href='https:\/\/www.ifbaiano.edu.br\/unidades\/lapa\/2018\/06\/21\/campus-bom-jesus-da-lapa-realizou-o-mosaico-cultural-velho-chico\/img_2612\/'><img width=\"150\" height=\"100\" src=\"https:\/\/www.ifbaiano.edu.br\/unidades\/lapa\/files\/2018\/06\/IMG_2612.jpg\" class=\"attachment-thumbnail size-thumbnail\" alt=\"\" decoding=\"async\" loading=\"lazy\" \/><\/a>\n\t\t\t<\/dt><\/dl><dl class='gallery-item'>\n\t\t\t<dt class='gallery-icon landscape'>\n\t\t\t\t<a href='https:\/\/www.ifbaiano.edu.br\/unidades\/lapa\/2018\/06\/21\/campus-bom-jesus-da-lapa-realizou-o-mosaico-cultural-velho-chico\/img_2613\/'><img width=\"150\" height=\"100\" src=\"https:\/\/www.ifbaiano.edu.br\/unidades\/lapa\/files\/2018\/06\/IMG_2613.jpg\" class=\"attachment-thumbnail size-thumbnail\" alt=\"\" decoding=\"async\" loading=\"lazy\" \/><\/a>\n\t\t\t<\/dt><\/dl><dl class='gallery-item'>\n\t\t\t<dt class='gallery-icon landscape'>\n\t\t\t\t<a href='https:\/\/www.ifbaiano.edu.br\/unidades\/lapa\/2018\/06\/21\/campus-bom-jesus-da-lapa-realizou-o-mosaico-cultural-velho-chico\/img_2614\/'><img width=\"150\" height=\"100\" src=\"https:\/\/www.ifbaiano.edu.br\/unidades\/lapa\/files\/2018\/06\/IMG_2614.jpg\" class=\"attachment-thumbnail size-thumbnail\" alt=\"\" decoding=\"async\" loading=\"lazy\" \/><\/a>\n\t\t\t<\/dt><\/dl><br style=\"clear: both\" \/><dl class='gallery-item'>\n\t\t\t<dt class='gallery-icon landscape'>\n\t\t\t\t<a href='https:\/\/www.ifbaiano.edu.br\/unidades\/lapa\/2018\/06\/21\/campus-bom-jesus-da-lapa-realizou-o-mosaico-cultural-velho-chico\/img_2621\/'><img width=\"150\" height=\"100\" src=\"https:\/\/www.ifbaiano.edu.br\/unidades\/lapa\/files\/2018\/06\/IMG_2621.jpg\" class=\"attachment-thumbnail size-thumbnail\" alt=\"\" decoding=\"async\" loading=\"lazy\" \/><\/a>\n\t\t\t<\/dt><\/dl><dl class='gallery-item'>\n\t\t\t<dt class='gallery-icon landscape'>\n\t\t\t\t<a href='https:\/\/www.ifbaiano.edu.br\/unidades\/lapa\/2018\/06\/21\/campus-bom-jesus-da-lapa-realizou-o-mosaico-cultural-velho-chico\/img_2623\/'><img width=\"150\" height=\"100\" src=\"https:\/\/www.ifbaiano.edu.br\/unidades\/lapa\/files\/2018\/06\/IMG_2623.jpg\" class=\"attachment-thumbnail size-thumbnail\" alt=\"\" decoding=\"async\" loading=\"lazy\" \/><\/a>\n\t\t\t<\/dt><\/dl><dl class='gallery-item'>\n\t\t\t<dt class='gallery-icon landscape'>\n\t\t\t\t<a href='https:\/\/www.ifbaiano.edu.br\/unidades\/lapa\/2018\/06\/21\/campus-bom-jesus-da-lapa-realizou-o-mosaico-cultural-velho-chico\/img_2627\/'><img width=\"150\" height=\"100\" src=\"https:\/\/www.ifbaiano.edu.br\/unidades\/lapa\/files\/2018\/06\/IMG_2627.jpg\" class=\"attachment-thumbnail size-thumbnail\" alt=\"\" decoding=\"async\" loading=\"lazy\" \/><\/a>\n\t\t\t<\/dt><\/dl><br style=\"clear: both\" \/><dl class='gallery-item'>\n\t\t\t<dt class='gallery-icon landscape'>\n\t\t\t\t<a href='https:\/\/www.ifbaiano.edu.br\/unidades\/lapa\/2018\/06\/21\/campus-bom-jesus-da-lapa-realizou-o-mosaico-cultural-velho-chico\/img_2628\/'><img width=\"150\" height=\"100\" src=\"https:\/\/www.ifbaiano.edu.br\/unidades\/lapa\/files\/2018\/06\/IMG_2628.jpg\" class=\"attachment-thumbnail size-thumbnail\" alt=\"\" decoding=\"async\" loading=\"lazy\" \/><\/a>\n\t\t\t<\/dt><\/dl><dl class='gallery-item'>\n\t\t\t<dt class='gallery-icon landscape'>\n\t\t\t\t<a href='https:\/\/www.ifbaiano.edu.br\/unidades\/lapa\/2018\/06\/21\/campus-bom-jesus-da-lapa-realizou-o-mosaico-cultural-velho-chico\/img_2629\/'><img width=\"150\" height=\"100\" src=\"https:\/\/www.ifbaiano.edu.br\/unidades\/lapa\/files\/2018\/06\/IMG_2629.jpg\" class=\"attachment-thumbnail size-thumbnail\" alt=\"\" decoding=\"async\" loading=\"lazy\" \/><\/a>\n\t\t\t<\/dt><\/dl><dl class='gallery-item'>\n\t\t\t<dt class='gallery-icon landscape'>\n\t\t\t\t<a href='https:\/\/www.ifbaiano.edu.br\/unidades\/lapa\/2018\/06\/21\/campus-bom-jesus-da-lapa-realizou-o-mosaico-cultural-velho-chico\/img_2635\/'><img width=\"150\" height=\"100\" src=\"https:\/\/www.ifbaiano.edu.br\/unidades\/lapa\/files\/2018\/06\/IMG_2635.jpg\" class=\"attachment-thumbnail size-thumbnail\" alt=\"\" decoding=\"async\" loading=\"lazy\" \/><\/a>\n\t\t\t<\/dt><\/dl><br style=\"clear: both\" \/><dl class='gallery-item'>\n\t\t\t<dt class='gallery-icon landscape'>\n\t\t\t\t<a href='https:\/\/www.ifbaiano.edu.br\/unidades\/lapa\/2018\/06\/21\/campus-bom-jesus-da-lapa-realizou-o-mosaico-cultural-velho-chico\/img_2636\/'><img width=\"150\" height=\"100\" src=\"https:\/\/www.ifbaiano.edu.br\/unidades\/lapa\/files\/2018\/06\/IMG_2636.jpg\" class=\"attachment-thumbnail size-thumbnail\" alt=\"\" decoding=\"async\" loading=\"lazy\" \/><\/a>\n\t\t\t<\/dt><\/dl><dl class='gallery-item'>\n\t\t\t<dt class='gallery-icon landscape'>\n\t\t\t\t<a href='https:\/\/www.ifbaiano.edu.br\/unidades\/lapa\/2018\/06\/21\/campus-bom-jesus-da-lapa-realizou-o-mosaico-cultural-velho-chico\/img_2638\/'><img width=\"150\" height=\"100\" src=\"https:\/\/www.ifbaiano.edu.br\/unidades\/lapa\/files\/2018\/06\/IMG_2638.jpg\" class=\"attachment-thumbnail size-thumbnail\" alt=\"\" decoding=\"async\" loading=\"lazy\" \/><\/a>\n\t\t\t<\/dt><\/dl><dl class='gallery-item'>\n\t\t\t<dt class='gallery-icon landscape'>\n\t\t\t\t<a href='https:\/\/www.ifbaiano.edu.br\/unidades\/lapa\/2018\/06\/21\/campus-bom-jesus-da-lapa-realizou-o-mosaico-cultural-velho-chico\/img_2642\/'><img width=\"150\" height=\"100\" src=\"https:\/\/www.ifbaiano.edu.br\/unidades\/lapa\/files\/2018\/06\/IMG_2642.jpg\" class=\"attachment-thumbnail size-thumbnail\" alt=\"\" decoding=\"async\" loading=\"lazy\" \/><\/a>\n\t\t\t<\/dt><\/dl><br style=\"clear: both\" \/><dl class='gallery-item'>\n\t\t\t<dt class='gallery-icon landscape'>\n\t\t\t\t<a href='https:\/\/www.ifbaiano.edu.br\/unidades\/lapa\/2018\/06\/21\/campus-bom-jesus-da-lapa-realizou-o-mosaico-cultural-velho-chico\/img_2643\/'><img width=\"150\" height=\"100\" src=\"https:\/\/www.ifbaiano.edu.br\/unidades\/lapa\/files\/2018\/06\/IMG_2643.jpg\" class=\"attachment-thumbnail size-thumbnail\" alt=\"\" decoding=\"async\" loading=\"lazy\" \/><\/a>\n\t\t\t<\/dt><\/dl><dl class='gallery-item'>\n\t\t\t<dt class='gallery-icon landscape'>\n\t\t\t\t<a href='https:\/\/www.ifbaiano.edu.br\/unidades\/lapa\/2018\/06\/21\/campus-bom-jesus-da-lapa-realizou-o-mosaico-cultural-velho-chico\/img_2645\/'><img width=\"150\" height=\"100\" src=\"https:\/\/www.ifbaiano.edu.br\/unidades\/lapa\/files\/2018\/06\/IMG_2645.jpg\" class=\"attachment-thumbnail size-thumbnail\" alt=\"\" decoding=\"async\" loading=\"lazy\" \/><\/a>\n\t\t\t<\/dt><\/dl><dl class='gallery-item'>\n\t\t\t<dt class='gallery-icon landscape'>\n\t\t\t\t<a href='https:\/\/www.ifbaiano.edu.br\/unidades\/lapa\/2018\/06\/21\/campus-bom-jesus-da-lapa-realizou-o-mosaico-cultural-velho-chico\/img_2646\/'><img width=\"150\" height=\"100\" src=\"https:\/\/www.ifbaiano.edu.br\/unidades\/lapa\/files\/2018\/06\/IMG_2646.jpg\" class=\"attachment-thumbnail size-thumbnail\" alt=\"\" decoding=\"async\" loading=\"lazy\" \/><\/a>\n\t\t\t<\/dt><\/dl><br style=\"clear: both\" \/><dl class='gallery-item'>\n\t\t\t<dt class='gallery-icon landscape'>\n\t\t\t\t<a href='https:\/\/www.ifbaiano.edu.br\/unidades\/lapa\/2018\/06\/21\/campus-bom-jesus-da-lapa-realizou-o-mosaico-cultural-velho-chico\/img_2647\/'><img width=\"150\" height=\"100\" src=\"https:\/\/www.ifbaiano.edu.br\/unidades\/lapa\/files\/2018\/06\/IMG_2647.jpg\" class=\"attachment-thumbnail size-thumbnail\" alt=\"\" decoding=\"async\" loading=\"lazy\" \/><\/a>\n\t\t\t<\/dt><\/dl><dl class='gallery-item'>\n\t\t\t<dt class='gallery-icon landscape'>\n\t\t\t\t<a href='https:\/\/www.ifbaiano.edu.br\/unidades\/lapa\/2018\/06\/21\/campus-bom-jesus-da-lapa-realizou-o-mosaico-cultural-velho-chico\/img_2648\/'><img width=\"150\" height=\"100\" src=\"https:\/\/www.ifbaiano.edu.br\/unidades\/lapa\/files\/2018\/06\/IMG_2648.jpg\" class=\"attachment-thumbnail size-thumbnail\" alt=\"\" decoding=\"async\" loading=\"lazy\" \/><\/a>\n\t\t\t<\/dt><\/dl><dl class='gallery-item'>\n\t\t\t<dt class='gallery-icon landscape'>\n\t\t\t\t<a href='https:\/\/www.ifbaiano.edu.br\/unidades\/lapa\/2018\/06\/21\/campus-bom-jesus-da-lapa-realizou-o-mosaico-cultural-velho-chico\/img_2664\/'><img width=\"150\" height=\"100\" src=\"https:\/\/www.ifbaiano.edu.br\/unidades\/lapa\/files\/2018\/06\/IMG_2664.jpg\" class=\"attachment-thumbnail size-thumbnail\" alt=\"\" decoding=\"async\" loading=\"lazy\" \/><\/a>\n\t\t\t<\/dt><\/dl><br style=\"clear: both\" \/><dl class='gallery-item'>\n\t\t\t<dt class='gallery-icon landscape'>\n\t\t\t\t<a href='https:\/\/www.ifbaiano.edu.br\/unidades\/lapa\/2018\/06\/21\/campus-bom-jesus-da-lapa-realizou-o-mosaico-cultural-velho-chico\/img_2675\/'><img width=\"150\" height=\"100\" src=\"https:\/\/www.ifbaiano.edu.br\/unidades\/lapa\/files\/2018\/06\/IMG_2675.jpg\" class=\"attachment-thumbnail size-thumbnail\" alt=\"\" decoding=\"async\" loading=\"lazy\" \/><\/a>\n\t\t\t<\/dt><\/dl><dl class='gallery-item'>\n\t\t\t<dt class='gallery-icon landscape'>\n\t\t\t\t<a href='https:\/\/www.ifbaiano.edu.br\/unidades\/lapa\/2018\/06\/21\/campus-bom-jesus-da-lapa-realizou-o-mosaico-cultural-velho-chico\/img_2684\/'><img width=\"150\" height=\"100\" src=\"https:\/\/www.ifbaiano.edu.br\/unidades\/lapa\/files\/2018\/06\/IMG_2684.jpg\" class=\"attachment-thumbnail size-thumbnail\" alt=\"\" decoding=\"async\" loading=\"lazy\" \/><\/a>\n\t\t\t<\/dt><\/dl><dl class='gallery-item'>\n\t\t\t<dt class='gallery-icon landscape'>\n\t\t\t\t<a href='https:\/\/www.ifbaiano.edu.br\/unidades\/lapa\/2018\/06\/21\/campus-bom-jesus-da-lapa-realizou-o-mosaico-cultural-velho-chico\/img_2687\/'><img width=\"150\" height=\"100\" src=\"https:\/\/www.ifbaiano.edu.br\/unidades\/lapa\/files\/2018\/06\/IMG_2687.jpg\" class=\"attachment-thumbnail size-thumbnail\" alt=\"\" decoding=\"async\" loading=\"lazy\" \/><\/a>\n\t\t\t<\/dt><\/dl><br style=\"clear: both\" \/><dl class='gallery-item'>\n\t\t\t<dt class='gallery-icon landscape'>\n\t\t\t\t<a href='https:\/\/www.ifbaiano.edu.br\/unidades\/lapa\/2018\/06\/21\/campus-bom-jesus-da-lapa-realizou-o-mosaico-cultural-velho-chico\/img_2696\/'><img width=\"150\" height=\"100\" src=\"https:\/\/www.ifbaiano.edu.br\/unidades\/lapa\/files\/2018\/06\/IMG_2696.jpg\" class=\"attachment-thumbnail size-thumbnail\" alt=\"\" decoding=\"async\" loading=\"lazy\" \/><\/a>\n\t\t\t<\/dt><\/dl><dl class='gallery-item'>\n\t\t\t<dt class='gallery-icon landscape'>\n\t\t\t\t<a href='https:\/\/www.ifbaiano.edu.br\/unidades\/lapa\/2018\/06\/21\/campus-bom-jesus-da-lapa-realizou-o-mosaico-cultural-velho-chico\/img_2697\/'><img width=\"150\" height=\"100\" src=\"https:\/\/www.ifbaiano.edu.br\/unidades\/lapa\/files\/2018\/06\/IMG_2697.jpg\" class=\"attachment-thumbnail size-thumbnail\" alt=\"\" decoding=\"async\" loading=\"lazy\" \/><\/a>\n\t\t\t<\/dt><\/dl><dl class='gallery-item'>\n\t\t\t<dt class='gallery-icon landscape'>\n\t\t\t\t<a href='https:\/\/www.ifbaiano.edu.br\/unidades\/lapa\/2018\/06\/21\/campus-bom-jesus-da-lapa-realizou-o-mosaico-cultural-velho-chico\/img_2715\/'><img width=\"150\" height=\"100\" src=\"https:\/\/www.ifbaiano.edu.br\/unidades\/lapa\/files\/2018\/06\/IMG_2715.jpg\" class=\"attachment-thumbnail size-thumbnail\" alt=\"\" decoding=\"async\" loading=\"lazy\" \/><\/a>\n\t\t\t<\/dt><\/dl><br style=\"clear: both\" \/><dl class='gallery-item'>\n\t\t\t<dt class='gallery-icon landscape'>\n\t\t\t\t<a href='https:\/\/www.ifbaiano.edu.br\/unidades\/lapa\/2018\/06\/21\/campus-bom-jesus-da-lapa-realizou-o-mosaico-cultural-velho-chico\/img_2718\/'><img width=\"150\" height=\"100\" src=\"https:\/\/www.ifbaiano.edu.br\/unidades\/lapa\/files\/2018\/06\/IMG_2718.jpg\" class=\"attachment-thumbnail size-thumbnail\" alt=\"\" decoding=\"async\" loading=\"lazy\" \/><\/a>\n\t\t\t<\/dt><\/dl><dl class='gallery-item'>\n\t\t\t<dt class='gallery-icon landscape'>\n\t\t\t\t<a href='https:\/\/www.ifbaiano.edu.br\/unidades\/lapa\/2018\/06\/21\/campus-bom-jesus-da-lapa-realizou-o-mosaico-cultural-velho-chico\/img_2729\/'><img width=\"150\" height=\"100\" src=\"https:\/\/www.ifbaiano.edu.br\/unidades\/lapa\/files\/2018\/06\/IMG_2729.jpg\" class=\"attachment-thumbnail size-thumbnail\" alt=\"\" decoding=\"async\" loading=\"lazy\" \/><\/a>\n\t\t\t<\/dt><\/dl><dl class='gallery-item'>\n\t\t\t<dt class='gallery-icon landscape'>\n\t\t\t\t<a href='https:\/\/www.ifbaiano.edu.br\/unidades\/lapa\/2018\/06\/21\/campus-bom-jesus-da-lapa-realizou-o-mosaico-cultural-velho-chico\/img_2739\/'><img width=\"150\" height=\"100\" src=\"https:\/\/www.ifbaiano.edu.br\/unidades\/lapa\/files\/2018\/06\/IMG_2739.jpg\" class=\"attachment-thumbnail size-thumbnail\" alt=\"\" decoding=\"async\" loading=\"lazy\" \/><\/a>\n\t\t\t<\/dt><\/dl><br style=\"clear: both\" \/><dl class='gallery-item'>\n\t\t\t<dt class='gallery-icon landscape'>\n\t\t\t\t<a href='https:\/\/www.ifbaiano.edu.br\/unidades\/lapa\/2018\/06\/21\/campus-bom-jesus-da-lapa-realizou-o-mosaico-cultural-velho-chico\/img_2750\/'><img width=\"150\" height=\"100\" src=\"https:\/\/www.ifbaiano.edu.br\/unidades\/lapa\/files\/2018\/06\/IMG_2750.jpg\" class=\"attachment-thumbnail size-thumbnail\" alt=\"\" decoding=\"async\" loading=\"lazy\" \/><\/a>\n\t\t\t<\/dt><\/dl><dl class='gallery-item'>\n\t\t\t<dt class='gallery-icon landscape'>\n\t\t\t\t<a href='https:\/\/www.ifbaiano.edu.br\/unidades\/lapa\/2018\/06\/21\/campus-bom-jesus-da-lapa-realizou-o-mosaico-cultural-velho-chico\/img_2753\/'><img width=\"150\" height=\"100\" src=\"https:\/\/www.ifbaiano.edu.br\/unidades\/lapa\/files\/2018\/06\/IMG_2753.jpg\" class=\"attachment-thumbnail size-thumbnail\" alt=\"\" decoding=\"async\" loading=\"lazy\" \/><\/a>\n\t\t\t<\/dt><\/dl><dl class='gallery-item'>\n\t\t\t<dt class='gallery-icon landscape'>\n\t\t\t\t<a href='https:\/\/www.ifbaiano.edu.br\/unidades\/lapa\/2018\/06\/21\/campus-bom-jesus-da-lapa-realizou-o-mosaico-cultural-velho-chico\/img_2757\/'><img width=\"150\" height=\"100\" src=\"https:\/\/www.ifbaiano.edu.br\/unidades\/lapa\/files\/2018\/06\/IMG_2757.jpg\" class=\"attachment-thumbnail size-thumbnail\" alt=\"\" decoding=\"async\" loading=\"lazy\" \/><\/a>\n\t\t\t<\/dt><\/dl><br style=\"clear: both\" \/><dl class='gallery-item'>\n\t\t\t<dt class='gallery-icon landscape'>\n\t\t\t\t<a href='https:\/\/www.ifbaiano.edu.br\/unidades\/lapa\/2018\/06\/21\/campus-bom-jesus-da-lapa-realizou-o-mosaico-cultural-velho-chico\/img_2759-2\/'><img width=\"150\" height=\"100\" src=\"https:\/\/www.ifbaiano.edu.br\/unidades\/lapa\/files\/2018\/06\/IMG_2759.jpg\" class=\"attachment-thumbnail size-thumbnail\" alt=\"\" decoding=\"async\" loading=\"lazy\" \/><\/a>\n\t\t\t<\/dt><\/dl><dl class='gallery-item'>\n\t\t\t<dt class='gallery-icon landscape'>\n\t\t\t\t<a href='https:\/\/www.ifbaiano.edu.br\/unidades\/lapa\/2018\/06\/21\/campus-bom-jesus-da-lapa-realizou-o-mosaico-cultural-velho-chico\/img_2760\/'><img width=\"150\" height=\"100\" src=\"https:\/\/www.ifbaiano.edu.br\/unidades\/lapa\/files\/2018\/06\/IMG_2760.jpg\" class=\"attachment-thumbnail size-thumbnail\" alt=\"\" decoding=\"async\" loading=\"lazy\" \/><\/a>\n\t\t\t<\/dt><\/dl><dl class='gallery-item'>\n\t\t\t<dt class='gallery-icon landscape'>\n\t\t\t\t<a href='https:\/\/www.ifbaiano.edu.br\/unidades\/lapa\/2018\/06\/21\/campus-bom-jesus-da-lapa-realizou-o-mosaico-cultural-velho-chico\/img_2762\/'><img width=\"150\" height=\"100\" src=\"https:\/\/www.ifbaiano.edu.br\/unidades\/lapa\/files\/2018\/06\/IMG_2762.jpg\" class=\"attachment-thumbnail size-thumbnail\" alt=\"\" decoding=\"async\" loading=\"lazy\" \/><\/a>\n\t\t\t<\/dt><\/dl><br style=\"clear: both\" \/><dl class='gallery-item'>\n\t\t\t<dt class='gallery-icon landscape'>\n\t\t\t\t<a href='https:\/\/www.ifbaiano.edu.br\/unidades\/lapa\/2018\/06\/21\/campus-bom-jesus-da-lapa-realizou-o-mosaico-cultural-velho-chico\/img_2768\/'><img width=\"150\" height=\"100\" src=\"https:\/\/www.ifbaiano.edu.br\/unidades\/lapa\/files\/2018\/06\/IMG_2768.jpg\" class=\"attachment-thumbnail size-thumbnail\" alt=\"\" decoding=\"async\" loading=\"lazy\" \/><\/a>\n\t\t\t<\/dt><\/dl><dl class='gallery-item'>\n\t\t\t<dt class='gallery-icon landscape'>\n\t\t\t\t<a href='https:\/\/www.ifbaiano.edu.br\/unidades\/lapa\/2018\/06\/21\/campus-bom-jesus-da-lapa-realizou-o-mosaico-cultural-velho-chico\/img_2770\/'><img width=\"150\" height=\"100\" src=\"https:\/\/www.ifbaiano.edu.br\/unidades\/lapa\/files\/2018\/06\/IMG_2770.jpg\" class=\"attachment-thumbnail size-thumbnail\" alt=\"\" decoding=\"async\" loading=\"lazy\" \/><\/a>\n\t\t\t<\/dt><\/dl><dl class='gallery-item'>\n\t\t\t<dt class='gallery-icon landscape'>\n\t\t\t\t<a href='https:\/\/www.ifbaiano.edu.br\/unidades\/lapa\/2018\/06\/21\/campus-bom-jesus-da-lapa-realizou-o-mosaico-cultural-velho-chico\/img_2779\/'><img width=\"150\" height=\"100\" src=\"https:\/\/www.ifbaiano.edu.br\/unidades\/lapa\/files\/2018\/06\/IMG_2779.jpg\" class=\"attachment-thumbnail size-thumbnail\" alt=\"\" decoding=\"async\" loading=\"lazy\" \/><\/a>\n\t\t\t<\/dt><\/dl><br style=\"clear: both\" \/><dl class='gallery-item'>\n\t\t\t<dt class='gallery-icon landscape'>\n\t\t\t\t<a href='https:\/\/www.ifbaiano.edu.br\/unidades\/lapa\/2018\/06\/21\/campus-bom-jesus-da-lapa-realizou-o-mosaico-cultural-velho-chico\/img_2786\/'><img width=\"150\" height=\"100\" src=\"https:\/\/www.ifbaiano.edu.br\/unidades\/lapa\/files\/2018\/06\/IMG_2786.jpg\" class=\"attachment-thumbnail size-thumbnail\" alt=\"\" decoding=\"async\" loading=\"lazy\" \/><\/a>\n\t\t\t<\/dt><\/dl><dl class='gallery-item'>\n\t\t\t<dt class='gallery-icon landscape'>\n\t\t\t\t<a href='https:\/\/www.ifbaiano.edu.br\/unidades\/lapa\/2018\/06\/21\/campus-bom-jesus-da-lapa-realizou-o-mosaico-cultural-velho-chico\/img_2793\/'><img width=\"150\" height=\"100\" src=\"https:\/\/www.ifbaiano.edu.br\/unidades\/lapa\/files\/2018\/06\/IMG_2793.jpg\" class=\"attachment-thumbnail size-thumbnail\" alt=\"\" decoding=\"async\" loading=\"lazy\" \/><\/a>\n\t\t\t<\/dt><\/dl><dl class='gallery-item'>\n\t\t\t<dt class='gallery-icon landscape'>\n\t\t\t\t<a href='https:\/\/www.ifbaiano.edu.br\/unidades\/lapa\/2018\/06\/21\/campus-bom-jesus-da-lapa-realizou-o-mosaico-cultural-velho-chico\/img_2801\/'><img width=\"150\" height=\"100\" src=\"https:\/\/www.ifbaiano.edu.br\/unidades\/lapa\/files\/2018\/06\/IMG_2801.jpg\" class=\"attachment-thumbnail size-thumbnail\" alt=\"\" decoding=\"async\" loading=\"lazy\" \/><\/a>\n\t\t\t<\/dt><\/dl><br style=\"clear: both\" \/><dl class='gallery-item'>\n\t\t\t<dt class='gallery-icon landscape'>\n\t\t\t\t<a href='https:\/\/www.ifbaiano.edu.br\/unidades\/lapa\/2018\/06\/21\/campus-bom-jesus-da-lapa-realizou-o-mosaico-cultural-velho-chico\/img_2806\/'><img width=\"150\" height=\"100\" src=\"https:\/\/www.ifbaiano.edu.br\/unidades\/lapa\/files\/2018\/06\/IMG_2806.jpg\" class=\"attachment-thumbnail size-thumbnail\" alt=\"\" decoding=\"async\" loading=\"lazy\" \/><\/a>\n\t\t\t<\/dt><\/dl><dl class='gallery-item'>\n\t\t\t<dt class='gallery-icon landscape'>\n\t\t\t\t<a href='https:\/\/www.ifbaiano.edu.br\/unidades\/lapa\/2018\/06\/21\/campus-bom-jesus-da-lapa-realizou-o-mosaico-cultural-velho-chico\/img_2807\/'><img width=\"150\" height=\"100\" src=\"https:\/\/www.ifbaiano.edu.br\/unidades\/lapa\/files\/2018\/06\/IMG_2807.jpg\" class=\"attachment-thumbnail size-thumbnail\" alt=\"\" decoding=\"async\" loading=\"lazy\" \/><\/a>\n\t\t\t<\/dt><\/dl><dl class='gallery-item'>\n\t\t\t<dt class='gallery-icon landscape'>\n\t\t\t\t<a href='https:\/\/www.ifbaiano.edu.br\/unidades\/lapa\/2018\/06\/21\/campus-bom-jesus-da-lapa-realizou-o-mosaico-cultural-velho-chico\/img_2810\/'><img width=\"150\" height=\"100\" src=\"https:\/\/www.ifbaiano.edu.br\/unidades\/lapa\/files\/2018\/06\/IMG_2810.jpg\" class=\"attachment-thumbnail size-thumbnail\" alt=\"\" decoding=\"async\" loading=\"lazy\" \/><\/a>\n\t\t\t<\/dt><\/dl><br style=\"clear: both\" \/><dl class='gallery-item'>\n\t\t\t<dt class='gallery-icon landscape'>\n\t\t\t\t<a href='https:\/\/www.ifbaiano.edu.br\/unidades\/lapa\/2018\/06\/21\/campus-bom-jesus-da-lapa-realizou-o-mosaico-cultural-velho-chico\/img_2828\/'><img width=\"150\" height=\"100\" src=\"https:\/\/www.ifbaiano.edu.br\/unidades\/lapa\/files\/2018\/06\/IMG_2828.jpg\" class=\"attachment-thumbnail size-thumbnail\" alt=\"\" decoding=\"async\" loading=\"lazy\" \/><\/a>\n\t\t\t<\/dt><\/dl><dl class='gallery-item'>\n\t\t\t<dt class='gallery-icon landscape'>\n\t\t\t\t<a href='https:\/\/www.ifbaiano.edu.br\/unidades\/lapa\/2018\/06\/21\/campus-bom-jesus-da-lapa-realizou-o-mosaico-cultural-velho-chico\/img_2830\/'><img width=\"150\" height=\"100\" src=\"https:\/\/www.ifbaiano.edu.br\/unidades\/lapa\/files\/2018\/06\/IMG_2830.jpg\" class=\"attachment-thumbnail size-thumbnail\" alt=\"\" decoding=\"async\" loading=\"lazy\" \/><\/a>\n\t\t\t<\/dt><\/dl><dl class='gallery-item'>\n\t\t\t<dt class='gallery-icon landscape'>\n\t\t\t\t<a href='https:\/\/www.ifbaiano.edu.br\/unidades\/lapa\/2018\/06\/21\/campus-bom-jesus-da-lapa-realizou-o-mosaico-cultural-velho-chico\/img_2835\/'><img width=\"150\" height=\"100\" src=\"https:\/\/www.ifbaiano.edu.br\/unidades\/lapa\/files\/2018\/06\/IMG_2835.jpg\" class=\"attachment-thumbnail size-thumbnail\" alt=\"\" decoding=\"async\" loading=\"lazy\" \/><\/a>\n\t\t\t<\/dt><\/dl><br style=\"clear: both\" \/><dl class='gallery-item'>\n\t\t\t<dt class='gallery-icon landscape'>\n\t\t\t\t<a href='https:\/\/www.ifbaiano.edu.br\/unidades\/lapa\/2018\/06\/21\/campus-bom-jesus-da-lapa-realizou-o-mosaico-cultural-velho-chico\/img_2839\/'><img width=\"150\" height=\"100\" src=\"https:\/\/www.ifbaiano.edu.br\/unidades\/lapa\/files\/2018\/06\/IMG_2839.jpg\" class=\"attachment-thumbnail size-thumbnail\" alt=\"\" decoding=\"async\" loading=\"lazy\" \/><\/a>\n\t\t\t<\/dt><\/dl><dl class='gallery-item'>\n\t\t\t<dt class='gallery-icon landscape'>\n\t\t\t\t<a href='https:\/\/www.ifbaiano.edu.br\/unidades\/lapa\/2018\/06\/21\/campus-bom-jesus-da-lapa-realizou-o-mosaico-cultural-velho-chico\/img_2843\/'><img width=\"150\" height=\"100\" src=\"https:\/\/www.ifbaiano.edu.br\/unidades\/lapa\/files\/2018\/06\/IMG_2843.jpg\" class=\"attachment-thumbnail size-thumbnail\" alt=\"\" decoding=\"async\" loading=\"lazy\" \/><\/a>\n\t\t\t<\/dt><\/dl><dl class='gallery-item'>\n\t\t\t<dt class='gallery-icon landscape'>\n\t\t\t\t<a href='https:\/\/www.ifbaiano.edu.br\/unidades\/lapa\/2018\/06\/21\/campus-bom-jesus-da-lapa-realizou-o-mosaico-cultural-velho-chico\/img_2887\/'><img width=\"150\" height=\"100\" src=\"https:\/\/www.ifbaiano.edu.br\/unidades\/lapa\/files\/2018\/06\/IMG_2887.jpg\" class=\"attachment-thumbnail size-thumbnail\" alt=\"\" decoding=\"async\" loading=\"lazy\" \/><\/a>\n\t\t\t<\/dt><\/dl><br style=\"clear: both\" \/><dl class='gallery-item'>\n\t\t\t<dt class='gallery-icon landscape'>\n\t\t\t\t<a href='https:\/\/www.ifbaiano.edu.br\/unidades\/lapa\/2018\/06\/21\/campus-bom-jesus-da-lapa-realizou-o-mosaico-cultural-velho-chico\/img_2891\/'><img width=\"150\" height=\"100\" src=\"https:\/\/www.ifbaiano.edu.br\/unidades\/lapa\/files\/2018\/06\/IMG_2891.jpg\" class=\"attachment-thumbnail size-thumbnail\" alt=\"\" decoding=\"async\" loading=\"lazy\" \/><\/a>\n\t\t\t<\/dt><\/dl><dl class='gallery-item'>\n\t\t\t<dt class='gallery-icon landscape'>\n\t\t\t\t<a href='https:\/\/www.ifbaiano.edu.br\/unidades\/lapa\/2018\/06\/21\/campus-bom-jesus-da-lapa-realizou-o-mosaico-cultural-velho-chico\/img_2897\/'><img width=\"150\" height=\"100\" src=\"https:\/\/www.ifbaiano.edu.br\/unidades\/lapa\/files\/2018\/06\/IMG_2897.jpg\" class=\"attachment-thumbnail size-thumbnail\" alt=\"\" decoding=\"async\" loading=\"lazy\" \/><\/a>\n\t\t\t<\/dt><\/dl><dl class='gallery-item'>\n\t\t\t<dt class='gallery-icon landscape'>\n\t\t\t\t<a href='https:\/\/www.ifbaiano.edu.br\/unidades\/lapa\/2018\/06\/21\/campus-bom-jesus-da-lapa-realizou-o-mosaico-cultural-velho-chico\/img_2911\/'><img width=\"150\" height=\"100\" src=\"https:\/\/www.ifbaiano.edu.br\/unidades\/lapa\/files\/2018\/06\/IMG_2911.jpg\" class=\"attachment-thumbnail size-thumbnail\" alt=\"\" decoding=\"async\" loading=\"lazy\" \/><\/a>\n\t\t\t<\/dt><\/dl><br style=\"clear: both\" \/><dl class='gallery-item'>\n\t\t\t<dt class='gallery-icon landscape'>\n\t\t\t\t<a href='https:\/\/www.ifbaiano.edu.br\/unidades\/lapa\/2018\/06\/21\/campus-bom-jesus-da-lapa-realizou-o-mosaico-cultural-velho-chico\/img_2912\/'><img width=\"150\" height=\"100\" src=\"https:\/\/www.ifbaiano.edu.br\/unidades\/lapa\/files\/2018\/06\/IMG_2912.jpg\" class=\"attachment-thumbnail size-thumbnail\" alt=\"\" decoding=\"async\" loading=\"lazy\" \/><\/a>\n\t\t\t<\/dt><\/dl><dl class='gallery-item'>\n\t\t\t<dt class='gallery-icon landscape'>\n\t\t\t\t<a href='https:\/\/www.ifbaiano.edu.br\/unidades\/lapa\/2018\/06\/21\/campus-bom-jesus-da-lapa-realizou-o-mosaico-cultural-velho-chico\/img_2913\/'><img width=\"150\" height=\"100\" src=\"https:\/\/www.ifbaiano.edu.br\/unidades\/lapa\/files\/2018\/06\/IMG_2913.jpg\" class=\"attachment-thumbnail size-thumbnail\" alt=\"\" decoding=\"async\" loading=\"lazy\" \/><\/a>\n\t\t\t<\/dt><\/dl>\n\t\t\t<br style='clear: both' \/>\n\t\t<\/div>\n\n<p>&nbsp;<\/p>\n<p>.<\/p>\n","protected":false},"excerpt":{"rendered":"<p>O IF Baiano, Campus Bom Jesus da Lapa, realizou no dia 08 de junho de 2018 a Mostra Cultural: Mosaico Cultural Velho Chico. O evento proporcionou um mergulho cultural atrav\u00e9s de apresenta\u00e7\u00f5es, oficinas e exposi\u00e7\u00f5es ligadas \u00e0 arte e \u00e0 cultura do Territ\u00f3rio Velho Chico. Atrav\u00e9s da diversidade sociocultural do territ\u00f3rio, a Mostra buscou a [&hellip;]<\/p>\n","protected":false},"author":95,"featured_media":0,"comment_status":"open","ping_status":"open","sticky":false,"template":"","format":"standard","meta":[],"categories":[24,65],"tags":[],"_links":{"self":[{"href":"https:\/\/www.ifbaiano.edu.br\/unidades\/lapa\/wp-json\/wp\/v2\/posts\/10753"}],"collection":[{"href":"https:\/\/www.ifbaiano.edu.br\/unidades\/lapa\/wp-json\/wp\/v2\/posts"}],"about":[{"href":"https:\/\/www.ifbaiano.edu.br\/unidades\/lapa\/wp-json\/wp\/v2\/types\/post"}],"author":[{"embeddable":true,"href":"https:\/\/www.ifbaiano.edu.br\/unidades\/lapa\/wp-json\/wp\/v2\/users\/95"}],"replies":[{"embeddable":true,"href":"https:\/\/www.ifbaiano.edu.br\/unidades\/lapa\/wp-json\/wp\/v2\/comments?post=10753"}],"version-history":[{"count":6,"href":"https:\/\/www.ifbaiano.edu.br\/unidades\/lapa\/wp-json\/wp\/v2\/posts\/10753\/revisions"}],"predecessor-version":[{"id":10854,"href":"https:\/\/www.ifbaiano.edu.br\/unidades\/lapa\/wp-json\/wp\/v2\/posts\/10753\/revisions\/10854"}],"wp:attachment":[{"href":"https:\/\/www.ifbaiano.edu.br\/unidades\/lapa\/wp-json\/wp\/v2\/media?parent=10753"}],"wp:term":[{"taxonomy":"category","embeddable":true,"href":"https:\/\/www.ifbaiano.edu.br\/unidades\/lapa\/wp-json\/wp\/v2\/categories?post=10753"},{"taxonomy":"post_tag","embeddable":true,"href":"https:\/\/www.ifbaiano.edu.br\/unidades\/lapa\/wp-json\/wp\/v2\/tags?post=10753"}],"curies":[{"name":"wp","href":"https:\/\/api.w.org\/{rel}","templated":true}]}}