{"id":10857,"date":"2018-06-29T10:33:59","date_gmt":"2018-06-29T13:33:59","guid":{"rendered":"http:\/\/www.ifbaiano.edu.br\/unidades\/lapa\/?p=10857"},"modified":"2018-07-06T10:48:18","modified_gmt":"2018-07-06T13:48:18","slug":"campus-bom-jesus-da-lapa-realiza-o-ix-arraia-dos-federa","status":"publish","type":"post","link":"https:\/\/www.ifbaiano.edu.br\/unidades\/lapa\/2018\/06\/29\/campus-bom-jesus-da-lapa-realiza-o-ix-arraia-dos-federa\/","title":{"rendered":"Campus Bom Jesus da Lapa realiza o IX Arrai\u00e1 dos Feder\u00e1"},"content":{"rendered":"<p>O Campus Bom Jesus da Lapa realizou, no \u00faltimo dia 21 de junho, o IX Arrai\u00e1 dos Feder\u00e1. A atividade comp\u00f5e a programa\u00e7\u00e3o de eventos anuais do Campus e tem como objetivo promover a integra\u00e7\u00e3o entre os diferentes segmentos que comp\u00f5em a comunidade acad\u00eamica, bem como resgatar a cultura e as tradi\u00e7\u00f5es nordestinas.<\/p>\n<p>O p\u00fablico presentes, estimado em 500 pessoas, p\u00f4de apreciar a quadrilha dos estudantes do Campus, a apresenta\u00e7\u00e3o do Grupo IF Dance e a apresenta\u00e7\u00e3o do Grupo Cine, este \u00faltimo coordenado pelo Prof. Isaac Purifica\u00e7\u00e3o. Al\u00e9m disso, foi poss\u00edvel degustar os mais diversos pr\u00e1ticos t\u00edpicos juninos.<\/p>\n<p>Para o Diretor Geral do Campus, prof. Ge\u00e2ngelo de Matos Rosa, o evento constituiu-se num espa\u00e7o de &#8221; intera\u00e7\u00e3o do campus com a comunidade, com a cultura local, ficando clara a import\u00e2ncia social da institui\u00e7\u00e3o, tendo havido uma participa\u00e7\u00e3o significativa de pais e outras representa\u00e7\u00f5es sociais, o que demonstra a concretiza\u00e7\u00e3o da integra\u00e7\u00e3o com a comunidade .&#8221; A Coordena\u00e7\u00e3o de Extens\u00e3o, por sua vez, representada pelo servidor Junio Batista, considera que &#8220;o evento atingiu o seu objetivo maior, ao possibilitar o resgate da cultura nordestina e ao mesmo tempo representar um espa\u00e7o de encontro e integra\u00e7\u00e3o entre servidores, estudantes e comunidade externa&#8221;.<\/p>\n<p>No pr\u00f3ximo ano, a comemora\u00e7\u00e3o completa uma d\u00e9cada de exist\u00eancia.<\/p>\n\n\t\t<style type=\"text\/css\">\n\t\t\t#gallery-1 {\n\t\t\t\tmargin: auto;\n\t\t\t}\n\t\t\t#gallery-1 .gallery-item {\n\t\t\t\tfloat: left;\n\t\t\t\tmargin-top: 10px;\n\t\t\t\ttext-align: center;\n\t\t\t\twidth: 33%;\n\t\t\t}\n\t\t\t#gallery-1 img {\n\t\t\t\tborder: 2px solid #cfcfcf;\n\t\t\t}\n\t\t\t#gallery-1 .gallery-caption {\n\t\t\t\tmargin-left: 0;\n\t\t\t}\n\t\t\t\/* see gallery_shortcode() in wp-includes\/media.php *\/\n\t\t<\/style>\n\t\t<div id='gallery-1' class='gallery galleryid-10857 gallery-columns-3 gallery-size-thumbnail'><dl class='gallery-item'>\n\t\t\t<dt class='gallery-icon landscape'>\n\t\t\t\t<a href='https:\/\/www.ifbaiano.edu.br\/unidades\/lapa\/2018\/06\/29\/campus-bom-jesus-da-lapa-realiza-o-ix-arraia-dos-federa\/dsc02263-min\/'><img width=\"150\" height=\"84\" src=\"https:\/\/www.ifbaiano.edu.br\/unidades\/lapa\/files\/2018\/06\/DSC02263-min.jpg\" class=\"attachment-thumbnail size-thumbnail\" alt=\"\" decoding=\"async\" loading=\"lazy\" \/><\/a>\n\t\t\t<\/dt><\/dl><dl class='gallery-item'>\n\t\t\t<dt class='gallery-icon landscape'>\n\t\t\t\t<a href='https:\/\/www.ifbaiano.edu.br\/unidades\/lapa\/2018\/06\/29\/campus-bom-jesus-da-lapa-realiza-o-ix-arraia-dos-federa\/dsc02260-min\/'><img width=\"150\" height=\"84\" src=\"https:\/\/www.ifbaiano.edu.br\/unidades\/lapa\/files\/2018\/06\/DSC02260-min.jpg\" class=\"attachment-thumbnail size-thumbnail\" alt=\"\" decoding=\"async\" loading=\"lazy\" \/><\/a>\n\t\t\t<\/dt><\/dl><dl class='gallery-item'>\n\t\t\t<dt class='gallery-icon landscape'>\n\t\t\t\t<a href='https:\/\/www.ifbaiano.edu.br\/unidades\/lapa\/2018\/06\/29\/campus-bom-jesus-da-lapa-realiza-o-ix-arraia-dos-federa\/dsc02247-min\/'><img width=\"150\" height=\"84\" src=\"https:\/\/www.ifbaiano.edu.br\/unidades\/lapa\/files\/2018\/06\/DSC02247-min.jpg\" class=\"attachment-thumbnail size-thumbnail\" alt=\"\" decoding=\"async\" loading=\"lazy\" \/><\/a>\n\t\t\t<\/dt><\/dl><br style=\"clear: both\" \/><dl class='gallery-item'>\n\t\t\t<dt class='gallery-icon landscape'>\n\t\t\t\t<a href='https:\/\/www.ifbaiano.edu.br\/unidades\/lapa\/2018\/06\/29\/campus-bom-jesus-da-lapa-realiza-o-ix-arraia-dos-federa\/dsc02245-min\/'><img width=\"150\" height=\"84\" src=\"https:\/\/www.ifbaiano.edu.br\/unidades\/lapa\/files\/2018\/06\/DSC02245-min.jpg\" class=\"attachment-thumbnail size-thumbnail\" alt=\"\" decoding=\"async\" loading=\"lazy\" \/><\/a>\n\t\t\t<\/dt><\/dl><dl class='gallery-item'>\n\t\t\t<dt class='gallery-icon landscape'>\n\t\t\t\t<a href='https:\/\/www.ifbaiano.edu.br\/unidades\/lapa\/2018\/06\/29\/campus-bom-jesus-da-lapa-realiza-o-ix-arraia-dos-federa\/dsc02221-min\/'><img width=\"150\" height=\"84\" src=\"https:\/\/www.ifbaiano.edu.br\/unidades\/lapa\/files\/2018\/06\/DSC02221-min.jpg\" class=\"attachment-thumbnail size-thumbnail\" alt=\"\" decoding=\"async\" loading=\"lazy\" \/><\/a>\n\t\t\t<\/dt><\/dl><dl class='gallery-item'>\n\t\t\t<dt class='gallery-icon landscape'>\n\t\t\t\t<a href='https:\/\/www.ifbaiano.edu.br\/unidades\/lapa\/2018\/06\/29\/campus-bom-jesus-da-lapa-realiza-o-ix-arraia-dos-federa\/dsc02169-min\/'><img width=\"150\" height=\"84\" src=\"https:\/\/www.ifbaiano.edu.br\/unidades\/lapa\/files\/2018\/06\/DSC02169-min.jpg\" class=\"attachment-thumbnail size-thumbnail\" alt=\"\" decoding=\"async\" loading=\"lazy\" \/><\/a>\n\t\t\t<\/dt><\/dl><br style=\"clear: both\" \/><dl class='gallery-item'>\n\t\t\t<dt class='gallery-icon landscape'>\n\t\t\t\t<a href='https:\/\/www.ifbaiano.edu.br\/unidades\/lapa\/2018\/06\/29\/campus-bom-jesus-da-lapa-realiza-o-ix-arraia-dos-federa\/dsc02165-min\/'><img width=\"150\" height=\"84\" src=\"https:\/\/www.ifbaiano.edu.br\/unidades\/lapa\/files\/2018\/06\/DSC02165-min.jpg\" class=\"attachment-thumbnail size-thumbnail\" alt=\"\" decoding=\"async\" loading=\"lazy\" \/><\/a>\n\t\t\t<\/dt><\/dl><dl class='gallery-item'>\n\t\t\t<dt class='gallery-icon landscape'>\n\t\t\t\t<a href='https:\/\/www.ifbaiano.edu.br\/unidades\/lapa\/2018\/06\/29\/campus-bom-jesus-da-lapa-realiza-o-ix-arraia-dos-federa\/dsc02151-min\/'><img width=\"150\" height=\"84\" src=\"https:\/\/www.ifbaiano.edu.br\/unidades\/lapa\/files\/2018\/06\/DSC02151-min.jpg\" class=\"attachment-thumbnail size-thumbnail\" alt=\"\" decoding=\"async\" loading=\"lazy\" \/><\/a>\n\t\t\t<\/dt><\/dl><dl class='gallery-item'>\n\t\t\t<dt class='gallery-icon landscape'>\n\t\t\t\t<a href='https:\/\/www.ifbaiano.edu.br\/unidades\/lapa\/2018\/06\/29\/campus-bom-jesus-da-lapa-realiza-o-ix-arraia-dos-federa\/dsc02142-min\/'><img width=\"150\" height=\"84\" src=\"https:\/\/www.ifbaiano.edu.br\/unidades\/lapa\/files\/2018\/06\/DSC02142-min.jpg\" class=\"attachment-thumbnail size-thumbnail\" alt=\"\" decoding=\"async\" loading=\"lazy\" \/><\/a>\n\t\t\t<\/dt><\/dl><br style=\"clear: both\" \/><dl class='gallery-item'>\n\t\t\t<dt class='gallery-icon landscape'>\n\t\t\t\t<a href='https:\/\/www.ifbaiano.edu.br\/unidades\/lapa\/2018\/06\/29\/campus-bom-jesus-da-lapa-realiza-o-ix-arraia-dos-federa\/dsc02137-min\/'><img width=\"150\" height=\"84\" src=\"https:\/\/www.ifbaiano.edu.br\/unidades\/lapa\/files\/2018\/06\/DSC02137-min.jpg\" class=\"attachment-thumbnail size-thumbnail\" alt=\"\" decoding=\"async\" loading=\"lazy\" \/><\/a>\n\t\t\t<\/dt><\/dl><dl class='gallery-item'>\n\t\t\t<dt class='gallery-icon landscape'>\n\t\t\t\t<a href='https:\/\/www.ifbaiano.edu.br\/unidades\/lapa\/2018\/06\/29\/campus-bom-jesus-da-lapa-realiza-o-ix-arraia-dos-federa\/dsc02129-min\/'><img width=\"150\" height=\"84\" src=\"https:\/\/www.ifbaiano.edu.br\/unidades\/lapa\/files\/2018\/06\/DSC02129-min.jpg\" class=\"attachment-thumbnail size-thumbnail\" alt=\"\" decoding=\"async\" loading=\"lazy\" \/><\/a>\n\t\t\t<\/dt><\/dl><dl class='gallery-item'>\n\t\t\t<dt class='gallery-icon landscape'>\n\t\t\t\t<a href='https:\/\/www.ifbaiano.edu.br\/unidades\/lapa\/2018\/06\/29\/campus-bom-jesus-da-lapa-realiza-o-ix-arraia-dos-federa\/dsc02121-min\/'><img width=\"150\" height=\"84\" src=\"https:\/\/www.ifbaiano.edu.br\/unidades\/lapa\/files\/2018\/06\/DSC02121-min.jpg\" class=\"attachment-thumbnail size-thumbnail\" alt=\"\" decoding=\"async\" loading=\"lazy\" \/><\/a>\n\t\t\t<\/dt><\/dl><br style=\"clear: both\" \/><dl class='gallery-item'>\n\t\t\t<dt class='gallery-icon landscape'>\n\t\t\t\t<a href='https:\/\/www.ifbaiano.edu.br\/unidades\/lapa\/2018\/06\/29\/campus-bom-jesus-da-lapa-realiza-o-ix-arraia-dos-federa\/dsc02090-min\/'><img width=\"150\" height=\"84\" src=\"https:\/\/www.ifbaiano.edu.br\/unidades\/lapa\/files\/2018\/06\/DSC02090-min.jpg\" class=\"attachment-thumbnail size-thumbnail\" alt=\"\" decoding=\"async\" loading=\"lazy\" \/><\/a>\n\t\t\t<\/dt><\/dl><dl class='gallery-item'>\n\t\t\t<dt class='gallery-icon landscape'>\n\t\t\t\t<a href='https:\/\/www.ifbaiano.edu.br\/unidades\/lapa\/2018\/06\/29\/campus-bom-jesus-da-lapa-realiza-o-ix-arraia-dos-federa\/dsc02086-min\/'><img width=\"150\" height=\"84\" src=\"https:\/\/www.ifbaiano.edu.br\/unidades\/lapa\/files\/2018\/06\/DSC02086-min.jpg\" class=\"attachment-thumbnail size-thumbnail\" alt=\"\" decoding=\"async\" loading=\"lazy\" \/><\/a>\n\t\t\t<\/dt><\/dl><dl class='gallery-item'>\n\t\t\t<dt class='gallery-icon landscape'>\n\t\t\t\t<a href='https:\/\/www.ifbaiano.edu.br\/unidades\/lapa\/2018\/06\/29\/campus-bom-jesus-da-lapa-realiza-o-ix-arraia-dos-federa\/dsc02082-min\/'><img width=\"150\" height=\"84\" src=\"https:\/\/www.ifbaiano.edu.br\/unidades\/lapa\/files\/2018\/06\/DSC02082-min.jpg\" class=\"attachment-thumbnail size-thumbnail\" alt=\"\" decoding=\"async\" loading=\"lazy\" \/><\/a>\n\t\t\t<\/dt><\/dl><br style=\"clear: both\" \/><dl class='gallery-item'>\n\t\t\t<dt class='gallery-icon landscape'>\n\t\t\t\t<a href='https:\/\/www.ifbaiano.edu.br\/unidades\/lapa\/2018\/06\/29\/campus-bom-jesus-da-lapa-realiza-o-ix-arraia-dos-federa\/dsc02075-min\/'><img width=\"150\" height=\"84\" src=\"https:\/\/www.ifbaiano.edu.br\/unidades\/lapa\/files\/2018\/06\/DSC02075-min.jpg\" class=\"attachment-thumbnail size-thumbnail\" alt=\"\" decoding=\"async\" loading=\"lazy\" \/><\/a>\n\t\t\t<\/dt><\/dl><dl class='gallery-item'>\n\t\t\t<dt class='gallery-icon landscape'>\n\t\t\t\t<a href='https:\/\/www.ifbaiano.edu.br\/unidades\/lapa\/2018\/06\/29\/campus-bom-jesus-da-lapa-realiza-o-ix-arraia-dos-federa\/dsc02073-min\/'><img width=\"150\" height=\"84\" src=\"https:\/\/www.ifbaiano.edu.br\/unidades\/lapa\/files\/2018\/06\/DSC02073-min.jpg\" class=\"attachment-thumbnail size-thumbnail\" alt=\"\" decoding=\"async\" loading=\"lazy\" \/><\/a>\n\t\t\t<\/dt><\/dl><dl class='gallery-item'>\n\t\t\t<dt class='gallery-icon landscape'>\n\t\t\t\t<a href='https:\/\/www.ifbaiano.edu.br\/unidades\/lapa\/2018\/06\/29\/campus-bom-jesus-da-lapa-realiza-o-ix-arraia-dos-federa\/dsc02068-min\/'><img width=\"150\" height=\"84\" src=\"https:\/\/www.ifbaiano.edu.br\/unidades\/lapa\/files\/2018\/06\/DSC02068-min.jpg\" class=\"attachment-thumbnail size-thumbnail\" alt=\"\" decoding=\"async\" loading=\"lazy\" \/><\/a>\n\t\t\t<\/dt><\/dl><br style=\"clear: both\" \/><dl class='gallery-item'>\n\t\t\t<dt class='gallery-icon landscape'>\n\t\t\t\t<a href='https:\/\/www.ifbaiano.edu.br\/unidades\/lapa\/2018\/06\/29\/campus-bom-jesus-da-lapa-realiza-o-ix-arraia-dos-federa\/dsc02066-min\/'><img width=\"150\" height=\"84\" src=\"https:\/\/www.ifbaiano.edu.br\/unidades\/lapa\/files\/2018\/06\/DSC02066-min.jpg\" class=\"attachment-thumbnail size-thumbnail\" alt=\"\" decoding=\"async\" loading=\"lazy\" \/><\/a>\n\t\t\t<\/dt><\/dl><dl class='gallery-item'>\n\t\t\t<dt class='gallery-icon landscape'>\n\t\t\t\t<a href='https:\/\/www.ifbaiano.edu.br\/unidades\/lapa\/2018\/06\/29\/campus-bom-jesus-da-lapa-realiza-o-ix-arraia-dos-federa\/dsc02064-min\/'><img width=\"150\" height=\"84\" src=\"https:\/\/www.ifbaiano.edu.br\/unidades\/lapa\/files\/2018\/06\/DSC02064-min.jpg\" class=\"attachment-thumbnail size-thumbnail\" alt=\"\" decoding=\"async\" loading=\"lazy\" \/><\/a>\n\t\t\t<\/dt><\/dl><dl class='gallery-item'>\n\t\t\t<dt class='gallery-icon landscape'>\n\t\t\t\t<a href='https:\/\/www.ifbaiano.edu.br\/unidades\/lapa\/2018\/06\/29\/campus-bom-jesus-da-lapa-realiza-o-ix-arraia-dos-federa\/dsc02062-min\/'><img width=\"150\" height=\"84\" src=\"https:\/\/www.ifbaiano.edu.br\/unidades\/lapa\/files\/2018\/06\/DSC02062-min.jpg\" class=\"attachment-thumbnail size-thumbnail\" alt=\"\" decoding=\"async\" loading=\"lazy\" \/><\/a>\n\t\t\t<\/dt><\/dl><br style=\"clear: both\" \/><dl class='gallery-item'>\n\t\t\t<dt class='gallery-icon landscape'>\n\t\t\t\t<a href='https:\/\/www.ifbaiano.edu.br\/unidades\/lapa\/2018\/06\/29\/campus-bom-jesus-da-lapa-realiza-o-ix-arraia-dos-federa\/dsc02061-min\/'><img width=\"150\" height=\"84\" src=\"https:\/\/www.ifbaiano.edu.br\/unidades\/lapa\/files\/2018\/06\/DSC02061-min.jpg\" class=\"attachment-thumbnail size-thumbnail\" alt=\"\" decoding=\"async\" loading=\"lazy\" \/><\/a>\n\t\t\t<\/dt><\/dl><dl class='gallery-item'>\n\t\t\t<dt class='gallery-icon landscape'>\n\t\t\t\t<a href='https:\/\/www.ifbaiano.edu.br\/unidades\/lapa\/2018\/06\/29\/campus-bom-jesus-da-lapa-realiza-o-ix-arraia-dos-federa\/dsc02054-min\/'><img width=\"150\" height=\"84\" src=\"https:\/\/www.ifbaiano.edu.br\/unidades\/lapa\/files\/2018\/06\/DSC02054-min.jpg\" class=\"attachment-thumbnail size-thumbnail\" alt=\"\" decoding=\"async\" loading=\"lazy\" \/><\/a>\n\t\t\t<\/dt><\/dl>\n\t\t\t<br style='clear: both' \/>\n\t\t<\/div>\n\n","protected":false},"excerpt":{"rendered":"<p>O Campus Bom Jesus da Lapa realizou, no \u00faltimo dia 21 de junho, o IX Arrai\u00e1 dos Feder\u00e1. A atividade comp\u00f5e a programa\u00e7\u00e3o de eventos anuais do Campus e tem como objetivo promover a integra\u00e7\u00e3o entre os diferentes segmentos que comp\u00f5em a comunidade acad\u00eamica, bem como resgatar a cultura e as tradi\u00e7\u00f5es nordestinas. O p\u00fablico [&hellip;]<\/p>\n","protected":false},"author":95,"featured_media":0,"comment_status":"open","ping_status":"open","sticky":false,"template":"","format":"standard","meta":[],"categories":[24,65],"tags":[],"_links":{"self":[{"href":"https:\/\/www.ifbaiano.edu.br\/unidades\/lapa\/wp-json\/wp\/v2\/posts\/10857"}],"collection":[{"href":"https:\/\/www.ifbaiano.edu.br\/unidades\/lapa\/wp-json\/wp\/v2\/posts"}],"about":[{"href":"https:\/\/www.ifbaiano.edu.br\/unidades\/lapa\/wp-json\/wp\/v2\/types\/post"}],"author":[{"embeddable":true,"href":"https:\/\/www.ifbaiano.edu.br\/unidades\/lapa\/wp-json\/wp\/v2\/users\/95"}],"replies":[{"embeddable":true,"href":"https:\/\/www.ifbaiano.edu.br\/unidades\/lapa\/wp-json\/wp\/v2\/comments?post=10857"}],"version-history":[{"count":2,"href":"https:\/\/www.ifbaiano.edu.br\/unidades\/lapa\/wp-json\/wp\/v2\/posts\/10857\/revisions"}],"predecessor-version":[{"id":10882,"href":"https:\/\/www.ifbaiano.edu.br\/unidades\/lapa\/wp-json\/wp\/v2\/posts\/10857\/revisions\/10882"}],"wp:attachment":[{"href":"https:\/\/www.ifbaiano.edu.br\/unidades\/lapa\/wp-json\/wp\/v2\/media?parent=10857"}],"wp:term":[{"taxonomy":"category","embeddable":true,"href":"https:\/\/www.ifbaiano.edu.br\/unidades\/lapa\/wp-json\/wp\/v2\/categories?post=10857"},{"taxonomy":"post_tag","embeddable":true,"href":"https:\/\/www.ifbaiano.edu.br\/unidades\/lapa\/wp-json\/wp\/v2\/tags?post=10857"}],"curies":[{"name":"wp","href":"https:\/\/api.w.org\/{rel}","templated":true}]}}