{"id":10921,"date":"2018-07-09T11:22:20","date_gmt":"2018-07-09T14:22:20","guid":{"rendered":"http:\/\/www.ifbaiano.edu.br\/unidades\/lapa\/?p=10921"},"modified":"2018-07-09T11:22:20","modified_gmt":"2018-07-09T14:22:20","slug":"candidatos-da-lista-de-espera-do-sisu-2018-2-sao-convocados-para-reuniao","status":"publish","type":"post","link":"https:\/\/www.ifbaiano.edu.br\/unidades\/lapa\/2018\/07\/09\/candidatos-da-lista-de-espera-do-sisu-2018-2-sao-convocados-para-reuniao\/","title":{"rendered":"Candidatos da lista de espera do SiSU 2018.2 s\u00e3o convocados para reuni\u00e3o"},"content":{"rendered":"<p>Confira o documento abaixo que trata sobre\u00a0convoca\u00e7\u00e3o para a reuni\u00e3o com os candidatos da lista de espera para o preenchimento de vagas do SiSU 2018.2 do Campus Bom Jesus da Lapa.<\/p>\n<p><a href=\"http:\/\/www.ifbaiano.edu.br\/unidades\/lapa\/files\/2018\/07\/Convoca\u00e7\u00e3o-Lista-de-Espera_Bom_Jesus_da_Lapa-sisu-20182.pdf\" target=\"_blank\">Convoca\u00e7\u00e3o Lista de Espera \u2013 Bom Jesus da Lapa<\/a><\/p>\n","protected":false},"excerpt":{"rendered":"<p>Confira o documento abaixo que trata sobre\u00a0convoca\u00e7\u00e3o para a reuni\u00e3o com os candidatos da lista de espera para o preenchimento de vagas do SiSU 2018.2 do Campus Bom Jesus da Lapa. Convoca\u00e7\u00e3o Lista de Espera \u2013 Bom Jesus da Lapa<\/p>\n","protected":false},"author":74,"featured_media":0,"comment_status":"open","ping_status":"open","sticky":false,"template":"","format":"standard","meta":[],"categories":[64],"tags":[],"_links":{"self":[{"href":"https:\/\/www.ifbaiano.edu.br\/unidades\/lapa\/wp-json\/wp\/v2\/posts\/10921"}],"collection":[{"href":"https:\/\/www.ifbaiano.edu.br\/unidades\/lapa\/wp-json\/wp\/v2\/posts"}],"about":[{"href":"https:\/\/www.ifbaiano.edu.br\/unidades\/lapa\/wp-json\/wp\/v2\/types\/post"}],"author":[{"embeddable":true,"href":"https:\/\/www.ifbaiano.edu.br\/unidades\/lapa\/wp-json\/wp\/v2\/users\/74"}],"replies":[{"embeddable":true,"href":"https:\/\/www.ifbaiano.edu.br\/unidades\/lapa\/wp-json\/wp\/v2\/comments?post=10921"}],"version-history":[{"count":1,"href":"https:\/\/www.ifbaiano.edu.br\/unidades\/lapa\/wp-json\/wp\/v2\/posts\/10921\/revisions"}],"predecessor-version":[{"id":10923,"href":"https:\/\/www.ifbaiano.edu.br\/unidades\/lapa\/wp-json\/wp\/v2\/posts\/10921\/revisions\/10923"}],"wp:attachment":[{"href":"https:\/\/www.ifbaiano.edu.br\/unidades\/lapa\/wp-json\/wp\/v2\/media?parent=10921"}],"wp:term":[{"taxonomy":"category","embeddable":true,"href":"https:\/\/www.ifbaiano.edu.br\/unidades\/lapa\/wp-json\/wp\/v2\/categories?post=10921"},{"taxonomy":"post_tag","embeddable":true,"href":"https:\/\/www.ifbaiano.edu.br\/unidades\/lapa\/wp-json\/wp\/v2\/tags?post=10921"}],"curies":[{"name":"wp","href":"https:\/\/api.w.org\/{rel}","templated":true}]}}