{"id":10925,"date":"2018-07-09T13:20:52","date_gmt":"2018-07-09T16:20:52","guid":{"rendered":"http:\/\/www.ifbaiano.edu.br\/unidades\/lapa\/?p=10925"},"modified":"2018-07-10T13:02:17","modified_gmt":"2018-07-10T16:02:17","slug":"diretrizes-da-comunicacao-durante-o-periodo-eleitoral","status":"publish","type":"post","link":"https:\/\/www.ifbaiano.edu.br\/unidades\/lapa\/2018\/07\/09\/diretrizes-da-comunicacao-durante-o-periodo-eleitoral\/","title":{"rendered":"Diretrizes da comunica\u00e7\u00e3o durante o per\u00edodo eleitoral"},"content":{"rendered":"<p><span style=\"color: #333333;\"><span style=\"font-family: Georgia, 'Times New Roman', 'Bitstream Charter', Times, serif;\"><span style=\"font-size: medium;\">Desde o \u00faltimo s\u00e1bado (7), a utiliza\u00e7\u00e3o das propriedades digitais (portal, sites e redes sociais) administradas pelo Instituto Federal Baiano (IF Baiano) passar\u00e3o a obedecer \u00e0 Instru\u00e7\u00e3o Normativa n\u00ba 01 de 11 de abril de 2018 que disciplina a publicidade em ano eleitoral dos \u00f3rg\u00e3os e entidades integrantes do Sistema de Comunica\u00e7\u00e3o de Governo do Poder Executivo Federal e d\u00e1 outras orienta\u00e7\u00f5es. De acordo com a legisla\u00e7\u00e3o eleitoral, os \u00f3rg\u00e3os federais dever\u00e3o suspender, tr\u00eas meses antes das elei\u00e7\u00f5es marcadas esse ano para 3 de outubro, qualquer tipo de publicidade ou de informa\u00e7\u00e3o que n\u00e3o tenha conte\u00fado informativo, de orienta\u00e7\u00e3o social ou de car\u00e1ter educativo.<\/span><\/span><\/span><\/p>\n<p><span style=\"color: #333333;\"><span style=\"font-family: Georgia, 'Times New Roman', 'Bitstream Charter', Times, serif;\"><span style=\"font-size: medium;\">O objetivo \u00e9 evitar a pr\u00e1tica de atos por agentes p\u00fablicos, candidatos ou n\u00e3o, em todas esferas da federa\u00e7\u00e3o, que possam ser considerados indevidos e impedir o uso da m\u00e1quina p\u00fablica em favor de alguma candidatura, assegurando assim a igualdade de condi\u00e7\u00f5es na disputa eleitoral, conforme disciplina ainda a\u00a0<a href=\"http:\/\/ifbaiano.edu.br\/portal\/wp-content\/uploads\/2018\/07\/cartilha_-_condutas_vedadas_aos_agentes_publicos_federais_em_eleicoes_-_eleicoes_2018.pdf\">Cartilha editada pela AGU<\/a>\u00a0(Advocacia Geral da Uni\u00e3o) que traz um rol de condutas vedadas aos agentes p\u00fablicos para evitar qualquer ato que provoque \u201cdesequil\u00edbrio na isonomia necess\u00e1ria entre os candidatos\u201d e que violem a moralidade e a legitimidade das elei\u00e7\u00f5es.<\/span><\/span><\/span><\/p>\n<p><span style=\"color: #333333;\"><span style=\"font-family: Georgia, 'Times New Roman', 'Bitstream Charter', Times, serif;\"><span style=\"font-size: medium;\">Para auxiliar a todos, seguem as informa\u00e7\u00f5es encaminhadas pelo Conif.<\/span><\/span><\/span><\/p>\n<p><a href=\"http:\/\/ifbaiano.edu.br\/portal\/wp-content\/uploads\/2018\/07\/INSecom012018.pdf\"><span style=\"color: #333333;\"><span style=\"font-family: Georgia, 'Times New Roman', 'Bitstream Charter', Times, serif;\"><span style=\"font-size: medium;\">Instru\u00e7\u00e3o Normativa n\u00ba 01 de 11 de abril de 2018<\/span><\/span><\/span><\/a><\/p>\n<p><a href=\"http:\/\/ifbaiano.edu.br\/portal\/wp-content\/uploads\/2018\/07\/Of%C3%ADcio-106-2018-Elei%C3%A7%C3%B5es-2018.pdf\"><span style=\"color: #333333;\"><span style=\"font-family: Georgia, 'Times New Roman', 'Bitstream Charter', Times, serif;\"><span style=\"font-size: medium;\">OF\u00cdCIO N\u00ba 106.2018\/CONIF<\/span><\/span><\/span><\/a><\/p>\n<p><a href=\"http:\/\/ifbaiano.edu.br\/portal\/wp-content\/uploads\/2018\/07\/apresenta%C3%A7%C3%A3o-per%C3%ADodo-eleitoral_Conif.pdf\"><span style=\"color: #333333;\"><span style=\"font-family: Georgia, 'Times New Roman', 'Bitstream Charter', Times, serif;\"><span style=\"font-size: medium;\">Comunica\u00e7\u00e3o no Per\u00edodo Eleitoral \u2013 Apresenta\u00e7\u00e3o Conif<\/span><\/span><\/span><\/a><\/p>\n<p><span style=\"color: #333333;\"><span style=\"font-family: Georgia, 'Times New Roman', 'Bitstream Charter', Times, serif;\"><span style=\"font-size: medium;\">Em caso de d\u00favida, entre em contato com a Coordena\u00e7\u00e3o de Comunica\u00e7\u00e3o pelos nossos canais: comunicacao@ifbaiano.edu.br e 71 3186 0045.<\/span><\/span><\/span><\/p>\n","protected":false},"excerpt":{"rendered":"<p>\u00d3rg\u00e3os federais dever\u00e3o suspender, tr\u00eas meses antes das elei\u00e7\u00f5es marcadas esse ano para 3 de outubro, qualquer tipo de publicidade ou de informa\u00e7\u00e3o que n\u00e3o tenha conte\u00fado informativo, de orienta\u00e7\u00e3o social ou de car\u00e1ter educativo.<\/p>\n","protected":false},"author":102,"featured_media":10927,"comment_status":"open","ping_status":"open","sticky":false,"template":"","format":"standard","meta":[],"categories":[64],"tags":[],"_links":{"self":[{"href":"https:\/\/www.ifbaiano.edu.br\/unidades\/lapa\/wp-json\/wp\/v2\/posts\/10925"}],"collection":[{"href":"https:\/\/www.ifbaiano.edu.br\/unidades\/lapa\/wp-json\/wp\/v2\/posts"}],"about":[{"href":"https:\/\/www.ifbaiano.edu.br\/unidades\/lapa\/wp-json\/wp\/v2\/types\/post"}],"author":[{"embeddable":true,"href":"https:\/\/www.ifbaiano.edu.br\/unidades\/lapa\/wp-json\/wp\/v2\/users\/102"}],"replies":[{"embeddable":true,"href":"https:\/\/www.ifbaiano.edu.br\/unidades\/lapa\/wp-json\/wp\/v2\/comments?post=10925"}],"version-history":[{"count":3,"href":"https:\/\/www.ifbaiano.edu.br\/unidades\/lapa\/wp-json\/wp\/v2\/posts\/10925\/revisions"}],"predecessor-version":[{"id":10935,"href":"https:\/\/www.ifbaiano.edu.br\/unidades\/lapa\/wp-json\/wp\/v2\/posts\/10925\/revisions\/10935"}],"wp:featuredmedia":[{"embeddable":true,"href":"https:\/\/www.ifbaiano.edu.br\/unidades\/lapa\/wp-json\/wp\/v2\/media\/10927"}],"wp:attachment":[{"href":"https:\/\/www.ifbaiano.edu.br\/unidades\/lapa\/wp-json\/wp\/v2\/media?parent=10925"}],"wp:term":[{"taxonomy":"category","embeddable":true,"href":"https:\/\/www.ifbaiano.edu.br\/unidades\/lapa\/wp-json\/wp\/v2\/categories?post=10925"},{"taxonomy":"post_tag","embeddable":true,"href":"https:\/\/www.ifbaiano.edu.br\/unidades\/lapa\/wp-json\/wp\/v2\/tags?post=10925"}],"curies":[{"name":"wp","href":"https:\/\/api.w.org\/{rel}","templated":true}]}}