{"id":10957,"date":"2018-07-16T08:41:54","date_gmt":"2018-07-16T11:41:54","guid":{"rendered":"http:\/\/www.ifbaiano.edu.br\/unidades\/lapa\/?p=10957"},"modified":"2018-07-16T08:41:54","modified_gmt":"2018-07-16T11:41:54","slug":"ciclo-de-oficinas-tematicas-sobre-meio-ambiente","status":"publish","type":"post","link":"https:\/\/www.ifbaiano.edu.br\/unidades\/lapa\/2018\/07\/16\/ciclo-de-oficinas-tematicas-sobre-meio-ambiente\/","title":{"rendered":"Ciclo de Oficinas tem\u00e1ticas sobre Meio Ambiente"},"content":{"rendered":"<p>Est\u00e3o abertas as inscri\u00e7\u00f5es para o Ciclo de Oficinas\u00a0Tem\u00e1ticas\u00a0com discuss\u00f5es sobre\u00a0fontes alternativas de energia, prote\u00e7\u00e3o de esp\u00e9cies e biomas, conscientiza\u00e7\u00e3o para um consumo sustent\u00e1vel (atrav\u00e9s da reutiliza\u00e7\u00e3o de materiais), tratamento e reaproveitamento de res\u00edduos e geoprocessamento. As oficinas s\u00e3o abertas ao p\u00fablico interno e externo e ocorrer\u00e3o no\u00a0dia 18 de julho, das 13h30 \u00e0s 17h. Para se inscrever, os interessados devem preencher o formul\u00e1rio de inscri\u00e7\u00f5es dispon\u00edvel no link\u00a0<a href=\"https:\/\/goo.gl\/forms\/T8w53fLfV1oAoVrt1\">https:\/\/goo.gl\/forms\/T8w53fLfV1oAoVrt1<\/a>.<\/p>\n","protected":false},"excerpt":{"rendered":"<p>Est\u00e3o abertas as inscri\u00e7\u00f5es para o Ciclo de Oficinas\u00a0Tem\u00e1ticas\u00a0com discuss\u00f5es sobre\u00a0fontes alternativas de energia, prote\u00e7\u00e3o de esp\u00e9cies e biomas, conscientiza\u00e7\u00e3o para um consumo sustent\u00e1vel (atrav\u00e9s da reutiliza\u00e7\u00e3o de materiais), tratamento e reaproveitamento de res\u00edduos e geoprocessamento. As oficinas s\u00e3o abertas ao p\u00fablico interno e externo e ocorrer\u00e3o no\u00a0dia 18 de julho, das 13h30 \u00e0s 17h. [&hellip;]<\/p>\n","protected":false},"author":102,"featured_media":0,"comment_status":"open","ping_status":"open","sticky":false,"template":"","format":"standard","meta":[],"categories":[1,65],"tags":[],"_links":{"self":[{"href":"https:\/\/www.ifbaiano.edu.br\/unidades\/lapa\/wp-json\/wp\/v2\/posts\/10957"}],"collection":[{"href":"https:\/\/www.ifbaiano.edu.br\/unidades\/lapa\/wp-json\/wp\/v2\/posts"}],"about":[{"href":"https:\/\/www.ifbaiano.edu.br\/unidades\/lapa\/wp-json\/wp\/v2\/types\/post"}],"author":[{"embeddable":true,"href":"https:\/\/www.ifbaiano.edu.br\/unidades\/lapa\/wp-json\/wp\/v2\/users\/102"}],"replies":[{"embeddable":true,"href":"https:\/\/www.ifbaiano.edu.br\/unidades\/lapa\/wp-json\/wp\/v2\/comments?post=10957"}],"version-history":[{"count":3,"href":"https:\/\/www.ifbaiano.edu.br\/unidades\/lapa\/wp-json\/wp\/v2\/posts\/10957\/revisions"}],"predecessor-version":[{"id":10960,"href":"https:\/\/www.ifbaiano.edu.br\/unidades\/lapa\/wp-json\/wp\/v2\/posts\/10957\/revisions\/10960"}],"wp:attachment":[{"href":"https:\/\/www.ifbaiano.edu.br\/unidades\/lapa\/wp-json\/wp\/v2\/media?parent=10957"}],"wp:term":[{"taxonomy":"category","embeddable":true,"href":"https:\/\/www.ifbaiano.edu.br\/unidades\/lapa\/wp-json\/wp\/v2\/categories?post=10957"},{"taxonomy":"post_tag","embeddable":true,"href":"https:\/\/www.ifbaiano.edu.br\/unidades\/lapa\/wp-json\/wp\/v2\/tags?post=10957"}],"curies":[{"name":"wp","href":"https:\/\/api.w.org\/{rel}","templated":true}]}}