{"id":10981,"date":"2018-07-24T16:08:59","date_gmt":"2018-07-24T19:08:59","guid":{"rendered":"http:\/\/www.ifbaiano.edu.br\/unidades\/lapa\/?p=10981"},"modified":"2018-08-02T15:28:15","modified_gmt":"2018-08-02T18:28:15","slug":"vagas-remanescentes-para-cursos-subsequentes","status":"publish","type":"post","link":"https:\/\/www.ifbaiano.edu.br\/unidades\/lapa\/2018\/07\/24\/vagas-remanescentes-para-cursos-subsequentes\/","title":{"rendered":"Vagas remanescentes para cursos subsequentes"},"content":{"rendered":"<p>Est\u00e3o abertas as inscri\u00e7\u00f5es, no dia 31 de julho de 2018, do Processo Seletivo de Vagas Remanescentes para ingresso de estudantes no segundo semestre de 2018.2 dos Cursos T\u00e9cnicos em AGRICULTURA \/ modalidade SUBSEQUENTE &#8211; turnos matutino e vespertino e INFORM\u00c1TICA \/ modalidade SUBSEQUENTE \u2013 turno noturno.<\/p>\n<p>Clique aqui para consultar o <a href=\"http:\/\/www.ifbaiano.edu.br\/unidades\/lapa\/files\/2018\/07\/Edital-n\u00ba-14-Vagas-remanescentes-BOM-JESUS-DA-LAPA.pdf\">Edital n\u00ba 14 &#8211; Vagas remanescentes<\/a>.<\/p>\n","protected":false},"excerpt":{"rendered":"<p>Est\u00e3o abertas as inscri\u00e7\u00f5es, no dia 31 de julho de 2018, do Processo Seletivo de Vagas Remanescentes para ingresso de estudantes no segundo semestre de 2018.2 dos Cursos T\u00e9cnicos em AGRICULTURA \/ modalidade SUBSEQUENTE &#8211; turnos matutino e vespertino e INFORM\u00c1TICA \/ modalidade SUBSEQUENTE \u2013 turno noturno. Clique aqui para consultar o Edital n\u00ba 14 [&hellip;]<\/p>\n","protected":false},"author":74,"featured_media":0,"comment_status":"open","ping_status":"open","sticky":false,"template":"","format":"standard","meta":[],"categories":[1],"tags":[],"_links":{"self":[{"href":"https:\/\/www.ifbaiano.edu.br\/unidades\/lapa\/wp-json\/wp\/v2\/posts\/10981"}],"collection":[{"href":"https:\/\/www.ifbaiano.edu.br\/unidades\/lapa\/wp-json\/wp\/v2\/posts"}],"about":[{"href":"https:\/\/www.ifbaiano.edu.br\/unidades\/lapa\/wp-json\/wp\/v2\/types\/post"}],"author":[{"embeddable":true,"href":"https:\/\/www.ifbaiano.edu.br\/unidades\/lapa\/wp-json\/wp\/v2\/users\/74"}],"replies":[{"embeddable":true,"href":"https:\/\/www.ifbaiano.edu.br\/unidades\/lapa\/wp-json\/wp\/v2\/comments?post=10981"}],"version-history":[{"count":1,"href":"https:\/\/www.ifbaiano.edu.br\/unidades\/lapa\/wp-json\/wp\/v2\/posts\/10981\/revisions"}],"predecessor-version":[{"id":10983,"href":"https:\/\/www.ifbaiano.edu.br\/unidades\/lapa\/wp-json\/wp\/v2\/posts\/10981\/revisions\/10983"}],"wp:attachment":[{"href":"https:\/\/www.ifbaiano.edu.br\/unidades\/lapa\/wp-json\/wp\/v2\/media?parent=10981"}],"wp:term":[{"taxonomy":"category","embeddable":true,"href":"https:\/\/www.ifbaiano.edu.br\/unidades\/lapa\/wp-json\/wp\/v2\/categories?post=10981"},{"taxonomy":"post_tag","embeddable":true,"href":"https:\/\/www.ifbaiano.edu.br\/unidades\/lapa\/wp-json\/wp\/v2\/tags?post=10981"}],"curies":[{"name":"wp","href":"https:\/\/api.w.org\/{rel}","templated":true}]}}