{"id":11011,"date":"2018-08-01T10:01:31","date_gmt":"2018-08-01T13:01:31","guid":{"rendered":"http:\/\/www.ifbaiano.edu.br\/unidades\/lapa\/?p=11011"},"modified":"2018-08-01T10:06:28","modified_gmt":"2018-08-01T13:06:28","slug":"matricula-no-curso-fic-operador-de-computador","status":"publish","type":"post","link":"https:\/\/www.ifbaiano.edu.br\/unidades\/lapa\/2018\/08\/01\/matricula-no-curso-fic-operador-de-computador\/","title":{"rendered":"Matr\u00edcula no curso FIC Operador de Computador"},"content":{"rendered":"<p>O Instituto Federal Baiano &#8211; Campus Bom Jesus da Lapa &#8211; inicia as matr\u00edculas para o curso FIC Operador de Computador. Confira o edital abaixo e saiba sobre as datas de matr\u00edcula e a documenta\u00e7\u00e3o necess\u00e1ria:<\/p>\n<p>Clique aqui para acessar o\u00a0<a href=\"http:\/\/www.ifbaiano.edu.br\/unidades\/lapa\/files\/2016\/07\/Edital-de-Matr\u00edcula-n\u00ba-16-FIC-Operador-de-Computador.pdf\" target=\"_blank\">Edital de Matr\u00edcula n\u00ba 16 &#8211; FIC &#8211; Operador de Computador<\/a>.<\/p>\n","protected":false},"excerpt":{"rendered":"<p>O Instituto Federal Baiano &#8211; Campus Bom Jesus da Lapa &#8211; inicia as matr\u00edculas para o curso FIC Operador de Computador. Confira o edital abaixo e saiba sobre as datas de matr\u00edcula e a documenta\u00e7\u00e3o necess\u00e1ria: Clique aqui para acessar o\u00a0Edital de Matr\u00edcula n\u00ba 16 &#8211; FIC &#8211; Operador de Computador.<\/p>\n","protected":false},"author":74,"featured_media":10947,"comment_status":"open","ping_status":"open","sticky":false,"template":"","format":"standard","meta":[],"categories":[65],"tags":[],"_links":{"self":[{"href":"https:\/\/www.ifbaiano.edu.br\/unidades\/lapa\/wp-json\/wp\/v2\/posts\/11011"}],"collection":[{"href":"https:\/\/www.ifbaiano.edu.br\/unidades\/lapa\/wp-json\/wp\/v2\/posts"}],"about":[{"href":"https:\/\/www.ifbaiano.edu.br\/unidades\/lapa\/wp-json\/wp\/v2\/types\/post"}],"author":[{"embeddable":true,"href":"https:\/\/www.ifbaiano.edu.br\/unidades\/lapa\/wp-json\/wp\/v2\/users\/74"}],"replies":[{"embeddable":true,"href":"https:\/\/www.ifbaiano.edu.br\/unidades\/lapa\/wp-json\/wp\/v2\/comments?post=11011"}],"version-history":[{"count":2,"href":"https:\/\/www.ifbaiano.edu.br\/unidades\/lapa\/wp-json\/wp\/v2\/posts\/11011\/revisions"}],"predecessor-version":[{"id":11013,"href":"https:\/\/www.ifbaiano.edu.br\/unidades\/lapa\/wp-json\/wp\/v2\/posts\/11011\/revisions\/11013"}],"wp:featuredmedia":[{"embeddable":true,"href":"https:\/\/www.ifbaiano.edu.br\/unidades\/lapa\/wp-json\/wp\/v2\/media\/10947"}],"wp:attachment":[{"href":"https:\/\/www.ifbaiano.edu.br\/unidades\/lapa\/wp-json\/wp\/v2\/media?parent=11011"}],"wp:term":[{"taxonomy":"category","embeddable":true,"href":"https:\/\/www.ifbaiano.edu.br\/unidades\/lapa\/wp-json\/wp\/v2\/categories?post=11011"},{"taxonomy":"post_tag","embeddable":true,"href":"https:\/\/www.ifbaiano.edu.br\/unidades\/lapa\/wp-json\/wp\/v2\/tags?post=11011"}],"curies":[{"name":"wp","href":"https:\/\/api.w.org\/{rel}","templated":true}]}}