{"id":11117,"date":"2018-08-16T15:45:10","date_gmt":"2018-08-16T18:45:10","guid":{"rendered":"http:\/\/www.ifbaiano.edu.br\/unidades\/lapa\/?p=11117"},"modified":"2018-08-16T15:50:19","modified_gmt":"2018-08-16T18:50:19","slug":"chamada-publica-paa-2","status":"publish","type":"post","link":"https:\/\/www.ifbaiano.edu.br\/unidades\/lapa\/2018\/08\/16\/chamada-publica-paa-2\/","title":{"rendered":"Chamada P\u00fablica PAA"},"content":{"rendered":"<p><img decoding=\"async\" loading=\"lazy\" class=\"alignjustify size-full wp-image-11122\" src=\"http:\/\/www.ifbaiano.edu.br\/unidades\/lapa\/files\/2018\/08\/imagem-anexa-ao-texto.jpg\" alt=\"imagem-anexa-ao-texto\" width=\"531\" height=\"296\" \/><\/p>\n<p style=\"text-align: justify\">O Instituto Federal Baiano \u2013 Campus Bom Jesus da Lapa torna p\u00fablico, para conhecimento dos interessados, que realizar\u00e1 a Chamada P\u00fablica n\u00ba 01\/2018. Objeto: <strong>Aquisi\u00e7\u00e3o de g\u00eaneros aliment\u00edcios da agricultura familiar para atendimento ao Programa de Aquisi\u00e7\u00e3o de Alimentos &#8211; PAA<\/strong>, conforme as pe\u00e7as t\u00e9cnicas constantes no Instrumento Convocat\u00f3rio e seus anexos, partes integrantes desta Chamada P\u00fablica. O Edital encontra-se dispon\u00edvel na sede do Campus e no s\u00edtio http:\/\/www.ifbaiano.edu.br\/unidades\/lapa\/ <strong>Sess\u00e3o de abertura: 20\/09\/2018, \u00e0s 08h30mi<\/strong>n, Hor\u00e1rio Local, na sede do Instituto Federal Baiano \u2013 Campus Bom Jesus da Lapa, localizado na BR 349, Km 14, Rodovia Bom Jesus da Lapa X Santa Maria da Vit\u00f3ria \u2013 Bahia.<\/p>\n<p>Segue abaixo Editais e Formul\u00e1rios:<\/p>\n<ul>\n<li><a href=\"http:\/\/www.ifbaiano.edu.br\/unidades\/lapa\/files\/2018\/08\/Edital-Chamada-Publica-01-2018.pdf\" target=\"_black\">Edital Chamada P\u00fablica 01\/2018<\/a><\/li>\n<li><a href=\"http:\/\/www.ifbaiano.edu.br\/unidades\/lapa\/files\/2018\/08\/Anexo-I-ESPECIFICACOES.pdf\" target=\"_black\">Anexo I &#8211; Especifica\u00e7\u00f5es<\/a><\/li>\n<li><a href=\"http:\/\/www.ifbaiano.edu.br\/unidades\/lapa\/files\/2018\/08\/Anexo-II-Projeto-de-Venda.pdf\" target=\"_black\">Anexo II &#8211; Projeto de Venda<\/a><\/li>\n<li><a href=\"http:\/\/www.ifbaiano.edu.br\/unidades\/lapa\/files\/2018\/08\/Anexo-III-Declaracao-de-Origem-dos-Produtos.pdf\" target=\"_black\">Anexo III &#8211; Declara\u00e7\u00e3o de Origem dos Produtos<\/a><\/li>\n<\/ul>\n<p>&nbsp;<\/p>\n","protected":false},"excerpt":{"rendered":"<p>O Instituto Federal Baiano \u2013 Campus Bom Jesus da Lapa torna p\u00fablico, para conhecimento dos interessados, que realizar\u00e1 a Chamada P\u00fablica n\u00ba 01\/2018. Objeto: Aquisi\u00e7\u00e3o de g\u00eaneros aliment\u00edcios da agricultura familiar para atendimento ao Programa de Aquisi\u00e7\u00e3o de Alimentos &#8211; PAA, conforme as pe\u00e7as t\u00e9cnicas constantes no Instrumento Convocat\u00f3rio e seus anexos, partes integrantes desta [&hellip;]<\/p>\n","protected":false},"author":95,"featured_media":11122,"comment_status":"open","ping_status":"open","sticky":false,"template":"","format":"standard","meta":[],"categories":[64,65],"tags":[],"_links":{"self":[{"href":"https:\/\/www.ifbaiano.edu.br\/unidades\/lapa\/wp-json\/wp\/v2\/posts\/11117"}],"collection":[{"href":"https:\/\/www.ifbaiano.edu.br\/unidades\/lapa\/wp-json\/wp\/v2\/posts"}],"about":[{"href":"https:\/\/www.ifbaiano.edu.br\/unidades\/lapa\/wp-json\/wp\/v2\/types\/post"}],"author":[{"embeddable":true,"href":"https:\/\/www.ifbaiano.edu.br\/unidades\/lapa\/wp-json\/wp\/v2\/users\/95"}],"replies":[{"embeddable":true,"href":"https:\/\/www.ifbaiano.edu.br\/unidades\/lapa\/wp-json\/wp\/v2\/comments?post=11117"}],"version-history":[{"count":6,"href":"https:\/\/www.ifbaiano.edu.br\/unidades\/lapa\/wp-json\/wp\/v2\/posts\/11117\/revisions"}],"predecessor-version":[{"id":11128,"href":"https:\/\/www.ifbaiano.edu.br\/unidades\/lapa\/wp-json\/wp\/v2\/posts\/11117\/revisions\/11128"}],"wp:featuredmedia":[{"embeddable":true,"href":"https:\/\/www.ifbaiano.edu.br\/unidades\/lapa\/wp-json\/wp\/v2\/media\/11122"}],"wp:attachment":[{"href":"https:\/\/www.ifbaiano.edu.br\/unidades\/lapa\/wp-json\/wp\/v2\/media?parent=11117"}],"wp:term":[{"taxonomy":"category","embeddable":true,"href":"https:\/\/www.ifbaiano.edu.br\/unidades\/lapa\/wp-json\/wp\/v2\/categories?post=11117"},{"taxonomy":"post_tag","embeddable":true,"href":"https:\/\/www.ifbaiano.edu.br\/unidades\/lapa\/wp-json\/wp\/v2\/tags?post=11117"}],"curies":[{"name":"wp","href":"https:\/\/api.w.org\/{rel}","templated":true}]}}