{"id":11187,"date":"2018-08-22T17:27:43","date_gmt":"2018-08-22T20:27:43","guid":{"rendered":"http:\/\/www.ifbaiano.edu.br\/unidades\/lapa\/?p=11187"},"modified":"2018-08-22T17:29:11","modified_gmt":"2018-08-22T20:29:11","slug":"cronograma-de-entrevistas-dos-cursos-de-pratica-de-conjunto-instrumental-e-canto-coral","status":"publish","type":"post","link":"https:\/\/www.ifbaiano.edu.br\/unidades\/lapa\/2018\/08\/22\/cronograma-de-entrevistas-dos-cursos-de-pratica-de-conjunto-instrumental-e-canto-coral\/","title":{"rendered":"Cronograma de entrevistas dos cursos de Pr\u00e1tica de Conjunto Instrumental e Canto Coral"},"content":{"rendered":"<p>A Comiss\u00e3o respons\u00e1vel pela sele\u00e7\u00e3o institu\u00edda atrav\u00e9s do <a href=\"http:\/\/www.ifbaiano.edu.br\/unidades\/lapa\/files\/2018\/07\/Edital-n%C2%BA-57-85-vagas-de-cursos-FIC.pdf\" target=\"_blank\">Edital 57\/2018<\/a>, de 30\/07\/2018, torna p\u00fablico o cronograma com datas e hor\u00e1rios de entrevistas dos cursos de <a href=\"http:\/\/www.ifbaiano.edu.br\/unidades\/lapa\/files\/2016\/07\/Pratica-de-Conjunto-Instrumental-e-Formacao-musical-cronograma-de-entrevistas.pdf\" target=\"_blank\">Pr\u00e1tica de Conjunto Instrumental<\/a> e <a href=\"http:\/\/www.ifbaiano.edu.br\/unidades\/lapa\/files\/2016\/07\/canto-coral-cronograma-de-entrevistas.pdf\" target=\"_blank\">Canto Coral<\/a>.<\/p>\n<p>Datas e locais de realiza\u00e7\u00e3o das entrevistas:<\/p>\n<p>23\/08\/2018 (turno vespertino) &#8211; Audit\u00f3rio do Campus;<br \/>\n24\/08\/2018 (turno vespertino e matutino) -Audit\u00f3rio do Campu<\/p>\n<p>Clique nos links abaixo para visualizar os cronogramas:<\/p>\n<ul>\n<li>&#8211;\u00a0<a href=\"http:\/\/www.ifbaiano.edu.br\/unidades\/lapa\/files\/2016\/07\/canto-coral-cronograma-de-entrevistas.pdf\" target=\"_blank\">Canto Coral<\/a><\/li>\n<li>&#8211;\u00a0<a href=\"http:\/\/www.ifbaiano.edu.br\/unidades\/lapa\/files\/2016\/07\/Pratica-de-Conjunto-Instrumental-e-Formacao-musical-cronograma-de-entrevistas.pdf\" target=\"_blank\">Pr\u00e1tica de Conjunto Instrumental<\/a><\/li>\n<\/ul>\n<p>Fiquem atentos e compare\u00e7am!<\/p>\n<p>Para mais informa\u00e7\u00f5es, acesse a p\u00e1gina de <a href=\"http:\/\/www.ifbaiano.edu.br\/unidades\/lapa\/processo_seletivo\/\" target=\"_blank\">Processos Seletivos<\/a> do Campus Bom Jesus da Lapa.<\/p>\n","protected":false},"excerpt":{"rendered":"<p>A Comiss\u00e3o respons\u00e1vel pela sele\u00e7\u00e3o institu\u00edda atrav\u00e9s do Edital 57\/2018, de 30\/07\/2018, torna p\u00fablico o cronograma com datas e hor\u00e1rios de entrevistas dos cursos de Pr\u00e1tica de Conjunto Instrumental e Canto Coral. Datas e locais de realiza\u00e7\u00e3o das entrevistas: 23\/08\/2018 (turno vespertino) &#8211; Audit\u00f3rio do Campus; 24\/08\/2018 (turno vespertino e matutino) -Audit\u00f3rio do Campu Clique [&hellip;]<\/p>\n","protected":false},"author":95,"featured_media":0,"comment_status":"open","ping_status":"open","sticky":false,"template":"","format":"standard","meta":[],"categories":[65],"tags":[],"_links":{"self":[{"href":"https:\/\/www.ifbaiano.edu.br\/unidades\/lapa\/wp-json\/wp\/v2\/posts\/11187"}],"collection":[{"href":"https:\/\/www.ifbaiano.edu.br\/unidades\/lapa\/wp-json\/wp\/v2\/posts"}],"about":[{"href":"https:\/\/www.ifbaiano.edu.br\/unidades\/lapa\/wp-json\/wp\/v2\/types\/post"}],"author":[{"embeddable":true,"href":"https:\/\/www.ifbaiano.edu.br\/unidades\/lapa\/wp-json\/wp\/v2\/users\/95"}],"replies":[{"embeddable":true,"href":"https:\/\/www.ifbaiano.edu.br\/unidades\/lapa\/wp-json\/wp\/v2\/comments?post=11187"}],"version-history":[{"count":3,"href":"https:\/\/www.ifbaiano.edu.br\/unidades\/lapa\/wp-json\/wp\/v2\/posts\/11187\/revisions"}],"predecessor-version":[{"id":11190,"href":"https:\/\/www.ifbaiano.edu.br\/unidades\/lapa\/wp-json\/wp\/v2\/posts\/11187\/revisions\/11190"}],"wp:attachment":[{"href":"https:\/\/www.ifbaiano.edu.br\/unidades\/lapa\/wp-json\/wp\/v2\/media?parent=11187"}],"wp:term":[{"taxonomy":"category","embeddable":true,"href":"https:\/\/www.ifbaiano.edu.br\/unidades\/lapa\/wp-json\/wp\/v2\/categories?post=11187"},{"taxonomy":"post_tag","embeddable":true,"href":"https:\/\/www.ifbaiano.edu.br\/unidades\/lapa\/wp-json\/wp\/v2\/tags?post=11187"}],"curies":[{"name":"wp","href":"https:\/\/api.w.org\/{rel}","templated":true}]}}