{"id":11201,"date":"2018-08-27T16:55:08","date_gmt":"2018-08-27T19:55:08","guid":{"rendered":"http:\/\/www.ifbaiano.edu.br\/unidades\/lapa\/?p=11201"},"modified":"2018-08-31T15:43:59","modified_gmt":"2018-08-31T18:43:59","slug":"instituto-aberto-a-terceira-idade","status":"publish","type":"post","link":"https:\/\/www.ifbaiano.edu.br\/unidades\/lapa\/2018\/08\/27\/instituto-aberto-a-terceira-idade\/","title":{"rendered":"Instituto Aberto \u00e0 Terceira Idade"},"content":{"rendered":"<p><a href=\"http:\/\/www.ifbaiano.edu.br\/unidades\/lapa\/2018\/08\/27\/instituto-aberto-a-terceira-idade\/instituto-aberto-terceira-idade\/\" rel=\"attachment wp-att-11212\"><img decoding=\"async\" loading=\"lazy\" class=\"aligncenter size-full wp-image-11212\" src=\"http:\/\/www.ifbaiano.edu.br\/unidades\/lapa\/files\/2018\/08\/instituto-aberto-terceira-idade.jpg\" alt=\"Instituto Aberto \u00e0 Terceira Idade\" width=\"904\" height=\"1280\" \/><\/a><\/p>\n<p>Nos meses de setembro e outubro, a Coordena\u00e7\u00e3o de Extens\u00e3o realizar\u00e1 as Oficinas de Teatro para a 3\u00aa Idade, atrav\u00e9s do Projeto de Extens\u00e3o &#8220;IAT &#8211; Instituto Aberto \u00e0 Terceira Idade&#8221;. O projeto se estrutura na realiza\u00e7\u00e3o de oficinas semanais, \u00e0s quintas-feiras no turno vespertino, de Teatro e de Inform\u00e1tica, com vistas a promover a integra\u00e7\u00e3o da pessoa idosa, por meio do acesso \u00e0 cultura, arte e tecnologias da informa\u00e7\u00e3o e comunica\u00e7\u00e3o.<\/p>\n<p>Os p\u00fablicos alvos ser\u00e3o adultos com idade acima de 50 anos, que tenham interesse no desenvolvimento de atividades art\u00edsticas e culturais, e que tenham disponibilidade para participar das oficinas \u00e0s quintas-feiras, no turno vespertino.<\/p>\n<p>As atividades ter\u00e3o in\u00edcio na segunda semana do m\u00eas de setembro.<\/p>\n<p>Inscri\u00e7\u00f5es\u00a0&#8211;\u00a0o candidato dever\u00e1 acessar o link abaixo e preencher o formul\u00e1rio de inscri\u00e7\u00f5es:<\/p>\n<p><a href=\"https:\/\/docs.google.com\/forms\/d\/e\/1FAIpQLSfVc88PmZ93q-Afo4vkwbBkzfsMojSLX1FQSlRL4C26TrALpA\/viewform\" target=\"_blank\">https:\/\/docs.google.com\/forms\/d\/e\/1FAIpQLSfVc88PmZ93q-Afo4vkwbBkzfsMojSLX1FQSlRL4C26TrALpA\/viewform<\/a><\/p>\n<p>Per\u00edodo das inscri\u00e7\u00f5es: 22 a 31 de agosto de 2018.<\/p>\n","protected":false},"excerpt":{"rendered":"<p>Nos meses de setembro e outubro, a Coordena\u00e7\u00e3o de Extens\u00e3o realizar\u00e1 as Oficinas de Teatro para a 3\u00aa Idade, atrav\u00e9s do Projeto de Extens\u00e3o &#8220;IAT &#8211; Instituto Aberto \u00e0 Terceira Idade&#8221;. O projeto se estrutura na realiza\u00e7\u00e3o de oficinas semanais, \u00e0s quintas-feiras no turno vespertino, de Teatro e de Inform\u00e1tica, com vistas a promover a [&hellip;]<\/p>\n","protected":false},"author":95,"featured_media":11212,"comment_status":"open","ping_status":"open","sticky":false,"template":"","format":"standard","meta":[],"categories":[65],"tags":[],"_links":{"self":[{"href":"https:\/\/www.ifbaiano.edu.br\/unidades\/lapa\/wp-json\/wp\/v2\/posts\/11201"}],"collection":[{"href":"https:\/\/www.ifbaiano.edu.br\/unidades\/lapa\/wp-json\/wp\/v2\/posts"}],"about":[{"href":"https:\/\/www.ifbaiano.edu.br\/unidades\/lapa\/wp-json\/wp\/v2\/types\/post"}],"author":[{"embeddable":true,"href":"https:\/\/www.ifbaiano.edu.br\/unidades\/lapa\/wp-json\/wp\/v2\/users\/95"}],"replies":[{"embeddable":true,"href":"https:\/\/www.ifbaiano.edu.br\/unidades\/lapa\/wp-json\/wp\/v2\/comments?post=11201"}],"version-history":[{"count":4,"href":"https:\/\/www.ifbaiano.edu.br\/unidades\/lapa\/wp-json\/wp\/v2\/posts\/11201\/revisions"}],"predecessor-version":[{"id":11213,"href":"https:\/\/www.ifbaiano.edu.br\/unidades\/lapa\/wp-json\/wp\/v2\/posts\/11201\/revisions\/11213"}],"wp:featuredmedia":[{"embeddable":true,"href":"https:\/\/www.ifbaiano.edu.br\/unidades\/lapa\/wp-json\/wp\/v2\/media\/11212"}],"wp:attachment":[{"href":"https:\/\/www.ifbaiano.edu.br\/unidades\/lapa\/wp-json\/wp\/v2\/media?parent=11201"}],"wp:term":[{"taxonomy":"category","embeddable":true,"href":"https:\/\/www.ifbaiano.edu.br\/unidades\/lapa\/wp-json\/wp\/v2\/categories?post=11201"},{"taxonomy":"post_tag","embeddable":true,"href":"https:\/\/www.ifbaiano.edu.br\/unidades\/lapa\/wp-json\/wp\/v2\/tags?post=11201"}],"curies":[{"name":"wp","href":"https:\/\/api.w.org\/{rel}","templated":true}]}}