{"id":11210,"date":"2018-08-30T18:09:54","date_gmt":"2018-08-30T21:09:54","guid":{"rendered":"http:\/\/www.ifbaiano.edu.br\/unidades\/lapa\/?p=11210"},"modified":"2018-08-30T18:09:54","modified_gmt":"2018-08-30T21:09:54","slug":"nota-sobre-o-resultado-do-processo-seletivo-referente-ao-edital-572018-selecao-de-cursos-fic","status":"publish","type":"post","link":"https:\/\/www.ifbaiano.edu.br\/unidades\/lapa\/2018\/08\/30\/nota-sobre-o-resultado-do-processo-seletivo-referente-ao-edital-572018-selecao-de-cursos-fic\/","title":{"rendered":"Nota sobre o Resultado do Processo Seletivo referente ao Edital 57\/2018 &#8211; Sele\u00e7\u00e3o de Cursos FIC"},"content":{"rendered":"<p>A comiss\u00e3o respons\u00e1vel pelo Processo Seletivo referente ao Edital 57\/2018, que tem como objeto a sele\u00e7\u00e3o de estudantes para os cursos de forma\u00e7\u00e3o continuada em Flauta, Canto Coral e Pr\u00e1tica de Conjunto Instrumental, informa que o resultado que estava previsto para ser publicado no dia 28\/08, ser\u00e1 divulgado no dia 04 de setembro de 2018.<\/p>\n<p>Fonte: A comiss\u00e3o<\/p>\n","protected":false},"excerpt":{"rendered":"<p>A comiss\u00e3o respons\u00e1vel pelo Processo Seletivo referente ao Edital 57\/2018, que tem como objeto a sele\u00e7\u00e3o de estudantes para os cursos de forma\u00e7\u00e3o continuada em Flauta, Canto Coral e Pr\u00e1tica de Conjunto Instrumental, informa que o resultado que estava previsto para ser publicado no dia 28\/08, ser\u00e1 divulgado no dia 04 de setembro de 2018. [&hellip;]<\/p>\n","protected":false},"author":95,"featured_media":0,"comment_status":"open","ping_status":"open","sticky":false,"template":"","format":"standard","meta":[],"categories":[65],"tags":[],"_links":{"self":[{"href":"https:\/\/www.ifbaiano.edu.br\/unidades\/lapa\/wp-json\/wp\/v2\/posts\/11210"}],"collection":[{"href":"https:\/\/www.ifbaiano.edu.br\/unidades\/lapa\/wp-json\/wp\/v2\/posts"}],"about":[{"href":"https:\/\/www.ifbaiano.edu.br\/unidades\/lapa\/wp-json\/wp\/v2\/types\/post"}],"author":[{"embeddable":true,"href":"https:\/\/www.ifbaiano.edu.br\/unidades\/lapa\/wp-json\/wp\/v2\/users\/95"}],"replies":[{"embeddable":true,"href":"https:\/\/www.ifbaiano.edu.br\/unidades\/lapa\/wp-json\/wp\/v2\/comments?post=11210"}],"version-history":[{"count":1,"href":"https:\/\/www.ifbaiano.edu.br\/unidades\/lapa\/wp-json\/wp\/v2\/posts\/11210\/revisions"}],"predecessor-version":[{"id":11211,"href":"https:\/\/www.ifbaiano.edu.br\/unidades\/lapa\/wp-json\/wp\/v2\/posts\/11210\/revisions\/11211"}],"wp:attachment":[{"href":"https:\/\/www.ifbaiano.edu.br\/unidades\/lapa\/wp-json\/wp\/v2\/media?parent=11210"}],"wp:term":[{"taxonomy":"category","embeddable":true,"href":"https:\/\/www.ifbaiano.edu.br\/unidades\/lapa\/wp-json\/wp\/v2\/categories?post=11210"},{"taxonomy":"post_tag","embeddable":true,"href":"https:\/\/www.ifbaiano.edu.br\/unidades\/lapa\/wp-json\/wp\/v2\/tags?post=11210"}],"curies":[{"name":"wp","href":"https:\/\/api.w.org\/{rel}","templated":true}]}}