{"id":11291,"date":"2018-09-05T17:19:42","date_gmt":"2018-09-05T20:19:42","guid":{"rendered":"http:\/\/www.ifbaiano.edu.br\/unidades\/lapa\/?p=11291"},"modified":"2018-09-05T17:20:49","modified_gmt":"2018-09-05T20:20:49","slug":"resultado-final-cursos-cantos-coral-flauta-doce-e-pratica-de-conjunto-instrumental-e-formacao-musical","status":"publish","type":"post","link":"https:\/\/www.ifbaiano.edu.br\/unidades\/lapa\/2018\/09\/05\/resultado-final-cursos-cantos-coral-flauta-doce-e-pratica-de-conjunto-instrumental-e-formacao-musical\/","title":{"rendered":"Resultado Final cursos Cantos Coral, Flauta Doce e Pr\u00e1tica de Conjunto Instrumental e Forma\u00e7\u00e3o Musical"},"content":{"rendered":"<p style=\"text-align: justify\">A Comiss\u00e3o respons\u00e1vel pela sele\u00e7\u00e3o institu\u00edda atrav\u00e9s do\u00a0<a href=\"http:\/\/www.ifbaiano.edu.br\/unidades\/lapa\/files\/2018\/07\/Edital-n%C2%BA-57-85-vagas-de-cursos-FIC.pdf\" target=\"_blank\">Edital 57\/2018<\/a>, de 30\/07\/2018, torna p\u00fablico o resultado final dos cursos Cantos Coral, Flauta Doce e Pr\u00e1tica de Conjunto Instrumental e Forma\u00e7\u00e3o Musical.<\/p>\n<p style=\"text-align: justify\">Clique nos links abaixo para visualizar o resultado final de cada curso:<\/p>\n<ul>\n<li><strong><a href=\"http:\/\/www.ifbaiano.edu.br\/unidades\/lapa\/files\/2016\/07\/Resultado-Final-Canto-Coral.pdf\" target=\"_blank\">Canto Coral<\/a>\u00a0<\/strong><\/li>\n<li><strong><a href=\"http:\/\/www.ifbaiano.edu.br\/unidades\/lapa\/files\/2016\/07\/Resultado-Final-de-Flauta-Doce.pdf\" target=\"_blank\">Flauta Doce<\/a><\/strong><\/li>\n<li><strong><a href=\"http:\/\/www.ifbaiano.edu.br\/unidades\/lapa\/files\/2016\/07\/Resultado-Final-Pratica-de-Conjunto.pdf\" target=\"_blank\">Pr\u00e1tica de Conjunto Instrumental e Forma\u00e7\u00e3o Musical<\/a>\u00a0<\/strong><\/li>\n<\/ul>\n<p style=\"text-align: justify\">Para mais informa\u00e7\u00f5es, acesse a p\u00e1gina de\u00a0<a href=\"http:\/\/www.ifbaiano.edu.br\/unidades\/lapa\/processo_seletivo\/\" target=\"_blank\">Processos Seletivos<\/a>\u00a0do Campus Bom Jesus da Lapa.<\/p>\n","protected":false},"excerpt":{"rendered":"<p>A Comiss\u00e3o respons\u00e1vel pela sele\u00e7\u00e3o institu\u00edda atrav\u00e9s do\u00a0Edital 57\/2018, de 30\/07\/2018, torna p\u00fablico o resultado final dos cursos Cantos Coral, Flauta Doce e Pr\u00e1tica de Conjunto Instrumental e Forma\u00e7\u00e3o Musical. Clique nos links abaixo para visualizar o resultado final de cada curso: Canto Coral\u00a0 Flauta Doce Pr\u00e1tica de Conjunto Instrumental e Forma\u00e7\u00e3o Musical\u00a0 Para mais [&hellip;]<\/p>\n","protected":false},"author":95,"featured_media":0,"comment_status":"open","ping_status":"open","sticky":false,"template":"","format":"standard","meta":[],"categories":[65],"tags":[],"_links":{"self":[{"href":"https:\/\/www.ifbaiano.edu.br\/unidades\/lapa\/wp-json\/wp\/v2\/posts\/11291"}],"collection":[{"href":"https:\/\/www.ifbaiano.edu.br\/unidades\/lapa\/wp-json\/wp\/v2\/posts"}],"about":[{"href":"https:\/\/www.ifbaiano.edu.br\/unidades\/lapa\/wp-json\/wp\/v2\/types\/post"}],"author":[{"embeddable":true,"href":"https:\/\/www.ifbaiano.edu.br\/unidades\/lapa\/wp-json\/wp\/v2\/users\/95"}],"replies":[{"embeddable":true,"href":"https:\/\/www.ifbaiano.edu.br\/unidades\/lapa\/wp-json\/wp\/v2\/comments?post=11291"}],"version-history":[{"count":2,"href":"https:\/\/www.ifbaiano.edu.br\/unidades\/lapa\/wp-json\/wp\/v2\/posts\/11291\/revisions"}],"predecessor-version":[{"id":11293,"href":"https:\/\/www.ifbaiano.edu.br\/unidades\/lapa\/wp-json\/wp\/v2\/posts\/11291\/revisions\/11293"}],"wp:attachment":[{"href":"https:\/\/www.ifbaiano.edu.br\/unidades\/lapa\/wp-json\/wp\/v2\/media?parent=11291"}],"wp:term":[{"taxonomy":"category","embeddable":true,"href":"https:\/\/www.ifbaiano.edu.br\/unidades\/lapa\/wp-json\/wp\/v2\/categories?post=11291"},{"taxonomy":"post_tag","embeddable":true,"href":"https:\/\/www.ifbaiano.edu.br\/unidades\/lapa\/wp-json\/wp\/v2\/tags?post=11291"}],"curies":[{"name":"wp","href":"https:\/\/api.w.org\/{rel}","templated":true}]}}