{"id":11294,"date":"2018-09-06T17:04:09","date_gmt":"2018-09-06T20:04:09","guid":{"rendered":"http:\/\/www.ifbaiano.edu.br\/unidades\/lapa\/?p=11294"},"modified":"2018-09-06T17:05:17","modified_gmt":"2018-09-06T20:05:17","slug":"abertas-as-inscricoes-para-submissao-de-trabalhos-na-ii-semana-de-agronomia","status":"publish","type":"post","link":"https:\/\/www.ifbaiano.edu.br\/unidades\/lapa\/2018\/09\/06\/abertas-as-inscricoes-para-submissao-de-trabalhos-na-ii-semana-de-agronomia\/","title":{"rendered":"Abertas as Inscri\u00e7\u00f5es para submiss\u00e3o de trabalhos na II Semana de Agronomia"},"content":{"rendered":"<p style=\"text-align: justify\"><a href=\"http:\/\/www.ifbaiano.edu.br\/unidades\/lapa\/2018\/09\/06\/abertas-as-inscricoes-para-submissao-de-trabalhos-na-ii-semana-de-agronomia\/print\/\" rel=\"attachment wp-att-11296\"><img decoding=\"async\" loading=\"lazy\" class=\"aligncenter size-full wp-image-11296\" src=\"http:\/\/www.ifbaiano.edu.br\/unidades\/lapa\/files\/2018\/09\/Logo-EVENTO-AGRONOMIA-FINAL.jpg\" alt=\"Print\" width=\"652\" height=\"397\" \/><\/a><\/p>\n<p style=\"text-align: justify\">O Campus Bom Jesus da Lapa comunica que est\u00e3o abertas, at\u00e9 o dia 30 de setembro, as inscri\u00e7\u00f5es de trabalhos na II Semana de Agronomia do IF Baiano &#8211; Campus Bom Jesus da Lapa.<\/p>\n<p style=\"text-align: justify\">Os interessados dever\u00e3o acessar o site do evento, clicando no link abaixo, ler as normas de publica\u00e7\u00e3o e realizar a submiss\u00e3o conforme orienta\u00e7\u00f5es apresentadas. As comunica\u00e7\u00f5es ocorrer\u00e3o na forma de resumos ou relatos de experi\u00eancias.<\/p>\n<p style=\"text-align: justify\">Poder\u00e3o submeter trabalhos: alunos, pesquisadores da \u00e1rea de ci\u00eancias agr\u00e1rias e docentes.<\/p>\n<p style=\"text-align: left\"><a href=\"http:\/\/200.128.100.75\/\" target=\"_blank\">CLIQUE AQUI PARA ACESSAR O SITE DO EVENTO<\/a><\/p>\n","protected":false},"excerpt":{"rendered":"<p>O Campus Bom Jesus da Lapa comunica que est\u00e3o abertas, at\u00e9 o dia 30 de setembro, as inscri\u00e7\u00f5es de trabalhos na II Semana de Agronomia do IF Baiano &#8211; Campus Bom Jesus da Lapa. Os interessados dever\u00e3o acessar o site do evento, clicando no link abaixo, ler as normas de publica\u00e7\u00e3o e realizar a submiss\u00e3o [&hellip;]<\/p>\n","protected":false},"author":95,"featured_media":11296,"comment_status":"open","ping_status":"open","sticky":false,"template":"","format":"standard","meta":[],"categories":[65],"tags":[],"_links":{"self":[{"href":"https:\/\/www.ifbaiano.edu.br\/unidades\/lapa\/wp-json\/wp\/v2\/posts\/11294"}],"collection":[{"href":"https:\/\/www.ifbaiano.edu.br\/unidades\/lapa\/wp-json\/wp\/v2\/posts"}],"about":[{"href":"https:\/\/www.ifbaiano.edu.br\/unidades\/lapa\/wp-json\/wp\/v2\/types\/post"}],"author":[{"embeddable":true,"href":"https:\/\/www.ifbaiano.edu.br\/unidades\/lapa\/wp-json\/wp\/v2\/users\/95"}],"replies":[{"embeddable":true,"href":"https:\/\/www.ifbaiano.edu.br\/unidades\/lapa\/wp-json\/wp\/v2\/comments?post=11294"}],"version-history":[{"count":2,"href":"https:\/\/www.ifbaiano.edu.br\/unidades\/lapa\/wp-json\/wp\/v2\/posts\/11294\/revisions"}],"predecessor-version":[{"id":11297,"href":"https:\/\/www.ifbaiano.edu.br\/unidades\/lapa\/wp-json\/wp\/v2\/posts\/11294\/revisions\/11297"}],"wp:featuredmedia":[{"embeddable":true,"href":"https:\/\/www.ifbaiano.edu.br\/unidades\/lapa\/wp-json\/wp\/v2\/media\/11296"}],"wp:attachment":[{"href":"https:\/\/www.ifbaiano.edu.br\/unidades\/lapa\/wp-json\/wp\/v2\/media?parent=11294"}],"wp:term":[{"taxonomy":"category","embeddable":true,"href":"https:\/\/www.ifbaiano.edu.br\/unidades\/lapa\/wp-json\/wp\/v2\/categories?post=11294"},{"taxonomy":"post_tag","embeddable":true,"href":"https:\/\/www.ifbaiano.edu.br\/unidades\/lapa\/wp-json\/wp\/v2\/tags?post=11294"}],"curies":[{"name":"wp","href":"https:\/\/api.w.org\/{rel}","templated":true}]}}