{"id":11299,"date":"2018-09-11T17:09:50","date_gmt":"2018-09-11T20:09:50","guid":{"rendered":"http:\/\/www.ifbaiano.edu.br\/unidades\/lapa\/?p=11299"},"modified":"2018-09-11T17:09:50","modified_gmt":"2018-09-11T20:09:50","slug":"nota-explicativa-no-01-chamada-publica-paa","status":"publish","type":"post","link":"https:\/\/www.ifbaiano.edu.br\/unidades\/lapa\/2018\/09\/11\/nota-explicativa-no-01-chamada-publica-paa\/","title":{"rendered":"Nota Explicativa n\u00ba 01 &#8211; Chamada P\u00fablica PAA"},"content":{"rendered":"<p><a href=\"http:\/\/www.ifbaiano.edu.br\/unidades\/lapa\/2018\/08\/16\/chamada-publica-paa-2\/imagem-anexa-ao-texto-2\/\" rel=\"attachment wp-att-11122\"><img decoding=\"async\" loading=\"lazy\" class=\"aligncenter size-full wp-image-11122\" src=\"http:\/\/www.ifbaiano.edu.br\/unidades\/lapa\/files\/2018\/08\/imagem-anexa-ao-texto.jpg\" alt=\"imagem-anexa-ao-texto\" width=\"531\" height=\"296\" \/><\/a><\/p>\n<p style=\"text-align: justify\">Informamos a necessidade de refor\u00e7ar a divulga\u00e7\u00e3o desta chamada p\u00fablica, em virtude do pouco credenciamento realizado, assim como ratificar o qu\u00e3o esse processo est\u00e1 intimamente ligado \u00e0 isonomia e \u00e0 competitividade, n\u00e3o tendo nenhuma margem de escolha previamente definida, afastando qualquer tipo de boato sobre a preter\u00eancia a agricultores familiares.<\/p>\n<p style=\"text-align: justify\">O Instituto Federal Baiano \u2013 Campus Bom Jesus da Lapa torna p\u00fablico, para conhecimento dos interessados, que realizar\u00e1 a Chamada P\u00fablica n\u00ba 01\/2018. Objeto: Aquisi\u00e7\u00e3o de g\u00eaneros aliment\u00edcios da agricultura familiar para atendimento ao Programa de Aquisi\u00e7\u00e3o de Alimentos \u2013 PAA.<\/p>\n<p style=\"text-align: justify\">No mais, o Edital encontra-se dispon\u00edvel na sede do Campus e no endere\u00e7o <a href=\"http:\/\/www.ifbaiano.edu.br\/unidades\/lapa\/2018\/08\/16\/chamada-publica-paa-2\/\">http:\/\/www.ifbaiano.edu.br\/unidades\/lapa\/2018\/08\/16\/chamada-publica-paa-2\/<\/a>\u00a0. Sess\u00e3o de abertura: 20\/09\/2018, \u00e0s 08h30min, Hor\u00e1rio Local, na sede do Instituto Federal Baiano \u2013 Campus Bom Jesus da Lapa, localizado na BR 349, Km 14, Rodovia Bom Jesus da Lapa X Santa Maria da Vit\u00f3ria \u2013 Bahia.<\/p>\n<p style=\"text-align: left\"><strong>Fonte<\/strong>: Setor de Licita\u00e7\u00e3o<\/p>\n","protected":false},"excerpt":{"rendered":"<p>Informamos a necessidade de refor\u00e7ar a divulga\u00e7\u00e3o desta chamada p\u00fablica, em virtude do pouco credenciamento realizado, assim como ratificar o qu\u00e3o esse processo est\u00e1 intimamente ligado \u00e0 isonomia e \u00e0 competitividade, n\u00e3o tendo nenhuma margem de escolha previamente definida, afastando qualquer tipo de boato sobre a preter\u00eancia a agricultores familiares. O Instituto Federal Baiano \u2013 [&hellip;]<\/p>\n","protected":false},"author":95,"featured_media":11122,"comment_status":"open","ping_status":"open","sticky":false,"template":"","format":"standard","meta":[],"categories":[65],"tags":[],"_links":{"self":[{"href":"https:\/\/www.ifbaiano.edu.br\/unidades\/lapa\/wp-json\/wp\/v2\/posts\/11299"}],"collection":[{"href":"https:\/\/www.ifbaiano.edu.br\/unidades\/lapa\/wp-json\/wp\/v2\/posts"}],"about":[{"href":"https:\/\/www.ifbaiano.edu.br\/unidades\/lapa\/wp-json\/wp\/v2\/types\/post"}],"author":[{"embeddable":true,"href":"https:\/\/www.ifbaiano.edu.br\/unidades\/lapa\/wp-json\/wp\/v2\/users\/95"}],"replies":[{"embeddable":true,"href":"https:\/\/www.ifbaiano.edu.br\/unidades\/lapa\/wp-json\/wp\/v2\/comments?post=11299"}],"version-history":[{"count":1,"href":"https:\/\/www.ifbaiano.edu.br\/unidades\/lapa\/wp-json\/wp\/v2\/posts\/11299\/revisions"}],"predecessor-version":[{"id":11300,"href":"https:\/\/www.ifbaiano.edu.br\/unidades\/lapa\/wp-json\/wp\/v2\/posts\/11299\/revisions\/11300"}],"wp:featuredmedia":[{"embeddable":true,"href":"https:\/\/www.ifbaiano.edu.br\/unidades\/lapa\/wp-json\/wp\/v2\/media\/11122"}],"wp:attachment":[{"href":"https:\/\/www.ifbaiano.edu.br\/unidades\/lapa\/wp-json\/wp\/v2\/media?parent=11299"}],"wp:term":[{"taxonomy":"category","embeddable":true,"href":"https:\/\/www.ifbaiano.edu.br\/unidades\/lapa\/wp-json\/wp\/v2\/categories?post=11299"},{"taxonomy":"post_tag","embeddable":true,"href":"https:\/\/www.ifbaiano.edu.br\/unidades\/lapa\/wp-json\/wp\/v2\/tags?post=11299"}],"curies":[{"name":"wp","href":"https:\/\/api.w.org\/{rel}","templated":true}]}}