{"id":1133,"date":"2013-06-26T11:15:04","date_gmt":"2013-06-26T13:15:04","guid":{"rendered":"http:\/\/www.ifbaiano.edu.br\/unidades\/lapa\/?p=1133"},"modified":"2013-06-26T11:47:46","modified_gmt":"2013-06-26T13:47:46","slug":"campus-bom-jesus-da-lapa-realiza-encontro-sobre-educacao-inclusiva-e-acessibilidade-virtual","status":"publish","type":"post","link":"https:\/\/www.ifbaiano.edu.br\/unidades\/lapa\/2013\/06\/26\/campus-bom-jesus-da-lapa-realiza-encontro-sobre-educacao-inclusiva-e-acessibilidade-virtual\/","title":{"rendered":"Campus Bom Jesus da Lapa realiza encontro sobre Educa\u00e7\u00e3o Inclusiva e Acessibilidade Virtual"},"content":{"rendered":"<p>O Campus Bom Jesus da Lapa realizou no dia 20 de Junho encontro sobre educa\u00e7\u00e3o Inclusiva e Acessibilidade.<!--more--><\/p>\n<p align=\"JUSTIFY\"><span style=\"font-family: Arial, serif\"><span style=\"font-size: small\">No \u00faltimo dia 20 de junho, no turno matutino, o Campus Bom Jesus da Lapa realizou uma importante palestra sobre Educa\u00e7\u00e3o Inclusiva e Acessibilidade Virtual, da qual participaram servidores e alunos. Os trabalhos foram abertos pelo professor Ge\u00e2ngelo de Matos Rosa, que resgatou aspectos hist\u00f3ricos e legais da inclus\u00e3o educacional no pa\u00eds. Em seguida, o senhor Jo\u00e3o Gilberto Pereira, aluno do IF Baiano \u2013 Campus Guanambi, deficiente visual a 27 anos, fez uma importante abordagem sobre o tema da acessibilidade virtual, oportunidade em que falou dos leitores de tela, da escrita Braille e de recursos acess\u00edveis. Logo ap\u00f3s sua fala, o jovem Willian Viana, tamb\u00e9m aluno do IF Baiano \u2013 Campus Guanambi e deficiente visual a 03 anos, discorreu sobre sua experi\u00eancia pessoal e educacional diante da limita\u00e7\u00e3o que vivencia, retratando as dificuldades e os caminhos constru\u00eddos. Para o Diretor Geral do Campus, professor Ariomar Rodrigues dos Santos, trabalhar o tema da diversidade e da inclus\u00e3o no ambiente escolar simboliza o cumprimento da responsabilidade social da institui\u00e7\u00e3o para com os segmentos historicamente marginalizados e colocados \u00e0 margem do processo educacional. O Diretor ressaltou ainda a import\u00e2ncia de se oferecer aos docentes cursos de forma\u00e7\u00e3o voltados especificamente para a tem\u00e1tica da inclus\u00e3o, ressaltando que planeja oferecer em data oportuna um curso de 40 horas, sob a tem\u00e1tica da acessibilidade virtual, para os professores do curso T\u00e9cnico em Inform\u00e1tica.<\/span><\/span><\/p>\n<p align=\"JUSTIFY\"><span style=\"font-family: Arial, serif\"><span style=\"font-size: small\">Fonte: Gabinete da Dire\u00e7\u00e3o Geral \u2013 Campus Bom Jesus da<\/span><\/span><span style=\"font-size: small\"> Lapa.<\/span><\/p>\n<p align=\"JUSTIFY\"><a href=\"http:\/\/www.ifbaiano.edu.br\/unidades\/lapa\/files\/2013\/06\/DSC04611_1224x812.jpg\" target=\"_blank\"><img decoding=\"async\" loading=\"lazy\" class=\"alignnone size-medium wp-image-1137\" src=\"http:\/\/www.ifbaiano.edu.br\/unidades\/lapa\/files\/2013\/06\/DSC04611_1224x812-300x199.jpg\" alt=\"\" width=\"300\" height=\"199\" srcset=\"https:\/\/www.ifbaiano.edu.br\/unidades\/lapa\/files\/2013\/06\/DSC04611_1224x812-300x199.jpg 300w, https:\/\/www.ifbaiano.edu.br\/unidades\/lapa\/files\/2013\/06\/DSC04611_1224x812-1024x679.jpg 1024w, https:\/\/www.ifbaiano.edu.br\/unidades\/lapa\/files\/2013\/06\/DSC04611_1224x812-400x265.jpg 400w, https:\/\/www.ifbaiano.edu.br\/unidades\/lapa\/files\/2013\/06\/DSC04611_1224x812.jpg 1224w\" sizes=\"(max-width: 300px) 100vw, 300px\" \/><\/a>\u00a0<a href=\"http:\/\/www.ifbaiano.edu.br\/unidades\/lapa\/files\/2013\/06\/DSC04594_1224x812.jpg\" target=\"_blank\"><img decoding=\"async\" loading=\"lazy\" class=\"alignnone size-medium wp-image-1136\" src=\"http:\/\/www.ifbaiano.edu.br\/unidades\/lapa\/files\/2013\/06\/DSC04594_1224x812-300x199.jpg\" alt=\"\" width=\"300\" height=\"199\" srcset=\"https:\/\/www.ifbaiano.edu.br\/unidades\/lapa\/files\/2013\/06\/DSC04594_1224x812-300x199.jpg 300w, https:\/\/www.ifbaiano.edu.br\/unidades\/lapa\/files\/2013\/06\/DSC04594_1224x812-1024x679.jpg 1024w, https:\/\/www.ifbaiano.edu.br\/unidades\/lapa\/files\/2013\/06\/DSC04594_1224x812-400x265.jpg 400w, https:\/\/www.ifbaiano.edu.br\/unidades\/lapa\/files\/2013\/06\/DSC04594_1224x812.jpg 1224w\" sizes=\"(max-width: 300px) 100vw, 300px\" \/><\/a><\/p>\n<p align=\"JUSTIFY\"><a href=\"http:\/\/www.ifbaiano.edu.br\/unidades\/lapa\/files\/2013\/06\/DSC04581_1224x812.jpg\" target=\"_blank\"><img decoding=\"async\" loading=\"lazy\" class=\"alignnone size-medium wp-image-1135\" src=\"http:\/\/www.ifbaiano.edu.br\/unidades\/lapa\/files\/2013\/06\/DSC04581_1224x812-300x199.jpg\" alt=\"\" width=\"300\" height=\"199\" srcset=\"https:\/\/www.ifbaiano.edu.br\/unidades\/lapa\/files\/2013\/06\/DSC04581_1224x812-300x199.jpg 300w, https:\/\/www.ifbaiano.edu.br\/unidades\/lapa\/files\/2013\/06\/DSC04581_1224x812-1024x679.jpg 1024w, https:\/\/www.ifbaiano.edu.br\/unidades\/lapa\/files\/2013\/06\/DSC04581_1224x812-400x265.jpg 400w, https:\/\/www.ifbaiano.edu.br\/unidades\/lapa\/files\/2013\/06\/DSC04581_1224x812.jpg 1224w\" sizes=\"(max-width: 300px) 100vw, 300px\" \/><\/a>\u00a0<a href=\"http:\/\/www.ifbaiano.edu.br\/unidades\/lapa\/files\/2013\/06\/DSC04550_1224x812.jpg\" target=\"_blank\"><img decoding=\"async\" loading=\"lazy\" class=\"alignnone size-medium wp-image-1134\" src=\"http:\/\/www.ifbaiano.edu.br\/unidades\/lapa\/files\/2013\/06\/DSC04550_1224x812-300x199.jpg\" alt=\"\" width=\"300\" height=\"199\" srcset=\"https:\/\/www.ifbaiano.edu.br\/unidades\/lapa\/files\/2013\/06\/DSC04550_1224x812-300x199.jpg 300w, https:\/\/www.ifbaiano.edu.br\/unidades\/lapa\/files\/2013\/06\/DSC04550_1224x812-1024x679.jpg 1024w, https:\/\/www.ifbaiano.edu.br\/unidades\/lapa\/files\/2013\/06\/DSC04550_1224x812-400x265.jpg 400w, https:\/\/www.ifbaiano.edu.br\/unidades\/lapa\/files\/2013\/06\/DSC04550_1224x812.jpg 1224w\" sizes=\"(max-width: 300px) 100vw, 300px\" \/><\/a><\/p>\n<p align=\"JUSTIFY\">\n","protected":false},"excerpt":{"rendered":"<p>O Campus Bom Jesus da Lapa realizou no dia 20 de Junho encontro sobre educa\u00e7\u00e3o Inclusiva e Acessibilidade.<\/p>\n","protected":false},"author":41,"featured_media":0,"comment_status":"open","ping_status":"open","sticky":false,"template":"","format":"standard","meta":[],"categories":[25,24],"tags":[],"_links":{"self":[{"href":"https:\/\/www.ifbaiano.edu.br\/unidades\/lapa\/wp-json\/wp\/v2\/posts\/1133"}],"collection":[{"href":"https:\/\/www.ifbaiano.edu.br\/unidades\/lapa\/wp-json\/wp\/v2\/posts"}],"about":[{"href":"https:\/\/www.ifbaiano.edu.br\/unidades\/lapa\/wp-json\/wp\/v2\/types\/post"}],"author":[{"embeddable":true,"href":"https:\/\/www.ifbaiano.edu.br\/unidades\/lapa\/wp-json\/wp\/v2\/users\/41"}],"replies":[{"embeddable":true,"href":"https:\/\/www.ifbaiano.edu.br\/unidades\/lapa\/wp-json\/wp\/v2\/comments?post=1133"}],"version-history":[{"count":19,"href":"https:\/\/www.ifbaiano.edu.br\/unidades\/lapa\/wp-json\/wp\/v2\/posts\/1133\/revisions"}],"predecessor-version":[{"id":1145,"href":"https:\/\/www.ifbaiano.edu.br\/unidades\/lapa\/wp-json\/wp\/v2\/posts\/1133\/revisions\/1145"}],"wp:attachment":[{"href":"https:\/\/www.ifbaiano.edu.br\/unidades\/lapa\/wp-json\/wp\/v2\/media?parent=1133"}],"wp:term":[{"taxonomy":"category","embeddable":true,"href":"https:\/\/www.ifbaiano.edu.br\/unidades\/lapa\/wp-json\/wp\/v2\/categories?post=1133"},{"taxonomy":"post_tag","embeddable":true,"href":"https:\/\/www.ifbaiano.edu.br\/unidades\/lapa\/wp-json\/wp\/v2\/tags?post=1133"}],"curies":[{"name":"wp","href":"https:\/\/api.w.org\/{rel}","templated":true}]}}