{"id":11337,"date":"2019-05-22T12:55:09","date_gmt":"2019-05-22T15:55:09","guid":{"rendered":"http:\/\/www.ifbaiano.edu.br\/unidades\/lapa\/?p=11337"},"modified":"2019-05-22T16:14:18","modified_gmt":"2019-05-22T19:14:18","slug":"roda-de-conversa","status":"publish","type":"post","link":"https:\/\/www.ifbaiano.edu.br\/unidades\/lapa\/2019\/05\/22\/roda-de-conversa\/","title":{"rendered":"Roda de Conversa"},"content":{"rendered":"\n<p style=\"text-align:justify\">A Especializa\u00e7\u00e3o em Educa\u00e7\u00e3o Matem\u00e1tica do IF Baiano\/Campus Bom Jesus da Lapa realizar\u00e1, nos dias 24 e 25 de maio, uma roda de conversa com os estudantes e professores do programa. O evento tem como objetivo estabelecer um di\u00e1logo entrecruzado entre Tend\u00eancias em Educa\u00e7\u00e3o Matem\u00e1tica, BNCC, Planejamento e Curr\u00edculo Escolar.<\/p>\n<p style=\"text-align:justify\">As atividades ser\u00e3o abertas \u00e0 comunidade acad\u00eamica e local. <\/p>\n<p style=\"text-align:justify\">\nParticipe!<\/p>\n<p style=\"text-align:justify\">\nMaiores informa\u00e7\u00f5es: posmatematica@lapa.ifbaiano.edu.br ou 77 3481- 4513 \/ 3481-2521\n<\/p>\n\n\n\n<figure class=\"wp-block-image\"><img decoding=\"async\" loading=\"lazy\" width=\"798\" height=\"599\" src=\"http:\/\/www.ifbaiano.edu.br\/unidades\/lapa\/files\/2019\/05\/CARTAZ_DA_RODA_DE_CONVERSA.png\" alt=\"\" class=\"wp-image-13106\" \/><\/figure>\n","protected":false},"excerpt":{"rendered":"<p>A Especializa\u00e7\u00e3o em Educa\u00e7\u00e3o Matem\u00e1tica do IF Baiano\/Campus Bom Jesus da Lapa realizar\u00e1, nos dias 24 e 25 de maio, uma roda de conversa com os estudantes e professores do programa. O evento tem como objetivo estabelecer um di\u00e1logo entrecruzado entre Tend\u00eancias em Educa\u00e7\u00e3o Matem\u00e1tica, BNCC, Planejamento e Curr\u00edculo Escolar. As atividades ser\u00e3o abertas \u00e0 [&hellip;]<\/p>\n","protected":false},"author":100,"featured_media":13106,"comment_status":"open","ping_status":"open","sticky":false,"template":"","format":"standard","meta":[],"categories":[64,71,24,65],"tags":[],"_links":{"self":[{"href":"https:\/\/www.ifbaiano.edu.br\/unidades\/lapa\/wp-json\/wp\/v2\/posts\/11337"}],"collection":[{"href":"https:\/\/www.ifbaiano.edu.br\/unidades\/lapa\/wp-json\/wp\/v2\/posts"}],"about":[{"href":"https:\/\/www.ifbaiano.edu.br\/unidades\/lapa\/wp-json\/wp\/v2\/types\/post"}],"author":[{"embeddable":true,"href":"https:\/\/www.ifbaiano.edu.br\/unidades\/lapa\/wp-json\/wp\/v2\/users\/100"}],"replies":[{"embeddable":true,"href":"https:\/\/www.ifbaiano.edu.br\/unidades\/lapa\/wp-json\/wp\/v2\/comments?post=11337"}],"version-history":[{"count":3,"href":"https:\/\/www.ifbaiano.edu.br\/unidades\/lapa\/wp-json\/wp\/v2\/posts\/11337\/revisions"}],"predecessor-version":[{"id":13113,"href":"https:\/\/www.ifbaiano.edu.br\/unidades\/lapa\/wp-json\/wp\/v2\/posts\/11337\/revisions\/13113"}],"wp:featuredmedia":[{"embeddable":true,"href":"https:\/\/www.ifbaiano.edu.br\/unidades\/lapa\/wp-json\/wp\/v2\/media\/13106"}],"wp:attachment":[{"href":"https:\/\/www.ifbaiano.edu.br\/unidades\/lapa\/wp-json\/wp\/v2\/media?parent=11337"}],"wp:term":[{"taxonomy":"category","embeddable":true,"href":"https:\/\/www.ifbaiano.edu.br\/unidades\/lapa\/wp-json\/wp\/v2\/categories?post=11337"},{"taxonomy":"post_tag","embeddable":true,"href":"https:\/\/www.ifbaiano.edu.br\/unidades\/lapa\/wp-json\/wp\/v2\/tags?post=11337"}],"curies":[{"name":"wp","href":"https:\/\/api.w.org\/{rel}","templated":true}]}}