{"id":11373,"date":"2018-09-26T08:26:13","date_gmt":"2018-09-26T11:26:13","guid":{"rendered":"http:\/\/www.ifbaiano.edu.br\/unidades\/lapa\/?p=11373"},"modified":"2018-09-26T08:26:59","modified_gmt":"2018-09-26T11:26:59","slug":"retificacao-ao-parecer-10-de-21-de-setembro-de-2018","status":"publish","type":"post","link":"https:\/\/www.ifbaiano.edu.br\/unidades\/lapa\/2018\/09\/26\/retificacao-ao-parecer-10-de-21-de-setembro-de-2018\/","title":{"rendered":"Retifica\u00e7\u00e3o ao parecer 10 DE 21 DE SETEMBRO DE 2018"},"content":{"rendered":"<p>O IF Baiano Campus Bom Jesus da Lapa torna p\u00fablica Retifica\u00e7\u00e3o ao parecer 10\/2018 sobre requerimentos discentes de 21 de setembro.<\/p>\n<p>Clique <a href=\"http:\/\/www.ifbaiano.edu.br\/unidades\/lapa\/files\/2018\/09\/Retificacao_parecer_10-2018.pdf\">aqui<\/a> para ver<\/p>\n","protected":false},"excerpt":{"rendered":"<p>O IF Baiano Campus Bom Jesus da Lapa torna p\u00fablica Retifica\u00e7\u00e3o ao parecer 10\/2018 sobre requerimentos discentes de 21 de setembro. Clique aqui para ver<\/p>\n","protected":false},"author":100,"featured_media":0,"comment_status":"open","ping_status":"open","sticky":false,"template":"","format":"standard","meta":[],"categories":[24,1,65],"tags":[],"_links":{"self":[{"href":"https:\/\/www.ifbaiano.edu.br\/unidades\/lapa\/wp-json\/wp\/v2\/posts\/11373"}],"collection":[{"href":"https:\/\/www.ifbaiano.edu.br\/unidades\/lapa\/wp-json\/wp\/v2\/posts"}],"about":[{"href":"https:\/\/www.ifbaiano.edu.br\/unidades\/lapa\/wp-json\/wp\/v2\/types\/post"}],"author":[{"embeddable":true,"href":"https:\/\/www.ifbaiano.edu.br\/unidades\/lapa\/wp-json\/wp\/v2\/users\/100"}],"replies":[{"embeddable":true,"href":"https:\/\/www.ifbaiano.edu.br\/unidades\/lapa\/wp-json\/wp\/v2\/comments?post=11373"}],"version-history":[{"count":2,"href":"https:\/\/www.ifbaiano.edu.br\/unidades\/lapa\/wp-json\/wp\/v2\/posts\/11373\/revisions"}],"predecessor-version":[{"id":11376,"href":"https:\/\/www.ifbaiano.edu.br\/unidades\/lapa\/wp-json\/wp\/v2\/posts\/11373\/revisions\/11376"}],"wp:attachment":[{"href":"https:\/\/www.ifbaiano.edu.br\/unidades\/lapa\/wp-json\/wp\/v2\/media?parent=11373"}],"wp:term":[{"taxonomy":"category","embeddable":true,"href":"https:\/\/www.ifbaiano.edu.br\/unidades\/lapa\/wp-json\/wp\/v2\/categories?post=11373"},{"taxonomy":"post_tag","embeddable":true,"href":"https:\/\/www.ifbaiano.edu.br\/unidades\/lapa\/wp-json\/wp\/v2\/tags?post=11373"}],"curies":[{"name":"wp","href":"https:\/\/api.w.org\/{rel}","templated":true}]}}