{"id":11378,"date":"2018-09-26T11:45:25","date_gmt":"2018-09-26T14:45:25","guid":{"rendered":"http:\/\/www.ifbaiano.edu.br\/unidades\/lapa\/?p=11378"},"modified":"2018-10-10T15:04:50","modified_gmt":"2018-10-10T18:04:50","slug":"iv-semana-de-ciencia-e-tecnologia","status":"publish","type":"post","link":"https:\/\/www.ifbaiano.edu.br\/unidades\/lapa\/2018\/09\/26\/iv-semana-de-ciencia-e-tecnologia\/","title":{"rendered":"IV Semana de Ci\u00eancia e Tecnologia"},"content":{"rendered":"<p><img decoding=\"async\" loading=\"lazy\" class=\"size-full wp-image-11380\" src=\"http:\/\/www.ifbaiano.edu.br\/unidades\/lapa\/files\/2018\/09\/cartaz-ciencia-e-tecnologia.jpg\" alt=\"Cartaz IV Semana de Ci\u00eancia e Tecnologia\" width=\"545\" height=\"579\" \/><\/p>\n<p style=\"text-align: center\">IV Semana de Ci\u00eancia e Tecnologia<\/p>\n<p style=\"text-align: center\">VI Semin\u00e1rio Integrado de Ensino, Pesquisa e Extens\u00e3o<\/p>\n<p style=\"text-align: center\">Bom Jesus da Lapa, 17 e 18 de outubro de 2018<\/p>\n<p style=\"text-align: center\">NORMAS PARA SUBMISS\u00c3O DE OFICINAS OU MINICURSOS, RESUMOS, RELATOS DE EXPERI\u00caNCIAS E PROPOSTAS PARA EXPOSI\u00c7\u00c3O DE PROJETOS T\u00c9CNICOS LIGADOS AO ENSINO<\/p>\n<p style=\"text-align: center\">SUBMISS\u00c3O DE OFICINAS OU MINICURSOS<\/p>\n<p style=\"text-align: justify\">Encontra-se aberto o per\u00edodo para submiss\u00e3o de propostas de oficinas e minicursos a serem desenvolvidos durante a 4\u00aa Semana de Ci\u00eancia e Tecnologia e 6\u00ba Semin\u00e1rio de Ensino, Pesquisa e Extens\u00e3o do IF Baiano &#8211; Campus Bom Jesus da Lapa, a realizar-se nos dias 17 e 18 de outubro de 2018.<\/p>\n<p style=\"text-align: justify\">Os projetos dos minicursos e oficinas dever\u00e3o ter a dura\u00e7\u00e3o de 4 horas, e serem formatados conforme modelo apresentado no Anexo I. Depois de prontas, as propostas dever\u00e3o ser encaminhadas para o e-mail: eventos@lapa.ifbaiano.edu.br, em formato edit\u00e1vel. N\u00e3o ser\u00e3o aceitas propostas em formato diverso do solicitado.<\/p>\n<p style=\"text-align: justify\">As propostas poder\u00e3o ser apresentadas tanto por servidores, colaboradores externos e por alunos, desde que orientados por um servidor.<\/p>\n<p style=\"text-align: justify\">PER\u00cdODO DE INSCRI\u00c7\u00d5ES: 26\/09\/2018 a 06\/10\/2018.<\/p>\n<p style=\"text-align: center\">SUBMISS\u00c3O DE RESUMOS PARA COMUNICA\u00c7\u00c3O ORAL<\/p>\n<p style=\"text-align: justify\">A Comiss\u00e3o Organizadora da 4\u00aa Semana de Ci\u00eancia e Tecnologia E 6\u00ba Semin\u00e1rio de Ensino, Pesquisa e Extens\u00e3o do IF Baiano &#8211; Campus Bom Jesus da Lapa tem a satisfa\u00e7\u00e3o de informar que est\u00e3o abertas as inscri\u00e7\u00f5es para Apresenta\u00e7\u00e3o de Trabalhos na modalidade Comunica\u00e7\u00e3o Oral, tanto para discentes quanto servidores do Campus Bom Jesus da Lapa.<\/p>\n<p style=\"text-align: justify\">O modelo de resumo a ser endere\u00e7ado \u00e0 comiss\u00e3o encontra-se no Anexo II. Depois de elaborado conforme orienta\u00e7\u00f5es constantes do pr\u00f3prio modelo, os resumos dever\u00e3o ser encaminhados exclusivamente em formato edit\u00e1vel para o e-mail: eventos@lapa.ifbaiano.edu.br.<\/p>\n<p style=\"text-align: justify\">Atividades que poder\u00e3o ser apresentadas:<\/p>\n<p style=\"text-align: justify\">Projetos de pesquisa desenvolvidos e em desenvolvimento.<br \/>\nPER\u00cdODO DAS SUBMISS\u00d5ES: 26\/09\/2018 a 06\/10\/2018.<\/p>\n<p style=\"text-align: justify\">N\u00e3o ser\u00e3o aceitos trabalhos a partir desta data.<\/p>\n<p style=\"text-align: center\">SUBMISS\u00c3O DE TRABALHOS PARA RELATOS DE EXPERI\u00caNCIAS<\/p>\n<p style=\"text-align: justify\">Encontra-se aberto o per\u00edodo para inscri\u00e7\u00e3o de relatos de experi\u00eancia a serem apresentados durante a 4\u00aa Semana de Ci\u00eancia e Tecnologia e 6\u00ba Semin\u00e1rio de Ensino, Pesquisa e extens\u00e3o do IF Baiano &#8211; Campus Bom Jesus da Lapa, a realizar-se nos dias 17 e 18 de outubro de 2018.<\/p>\n<p style=\"text-align: justify\">Os relatos de experi\u00eancia s\u00e3o instrumentos para comunicar \u00e0 comunidade os resultados dos Projetos de Extens\u00e3o e a\u00e7\u00f5es desenvolvidas pelo Campus.<\/p>\n<p style=\"text-align: justify\">Os relatos dever\u00e3o possuir os itens constantes do modelo apresentado no Anexo III, n\u00e3o ultrapassando uma p\u00e1gina. Depois de prontos, os relatos dever\u00e3o ser encaminhados para o e-mail: eventos@lapa.ifbaiano.edu.br, em formato edit\u00e1vel. N\u00e3o ser\u00e3o aceitos relatos encaminhados em formato diverso do solicitado.<\/p>\n<p style=\"text-align: justify\">Atividades que poder\u00e3o ser apresentadas:<\/p>\n<p style=\"text-align: justify\">Projetos de extens\u00e3o desenvolvidos e em desenvolvimento;<br \/>\nRelatos de atividades de Monitoria de Ensino;<br \/>\nEst\u00e1gios;<br \/>\nProjetos Integradores;<br \/>\nAtividades relacionadas.<\/p>\n<p style=\"text-align: justify\">PER\u00cdODO DE INSCRI\u00c7\u00d5ES: 26\/09\/2018 a 06\/10\/2018<\/p>\n<p style=\"text-align: center\">SUBMISS\u00c3O DE PROJETOS T\u00c9CNICOS LIGADOS AO ENSINO PARA EXPOSI\u00c7\u00c3O<\/p>\n<p style=\"text-align: justify\">Encontra-se aberto o per\u00edodo para inscri\u00e7\u00e3o de projetos t\u00e9cnicos ligados ao ensino a serem expostos durante a 4\u00aa Semana de Ci\u00eancia e Tecnologia e 6\u00ba Semin\u00e1rio de Ensino, Pesquisa e extens\u00e3o do IF Baiano &#8211; Campus Bom Jesus da Lapa, a realizar-se nos dias 17 e 18 de outubro de 2018.<\/p>\n<p style=\"text-align: justify\">Entende-se aqui por projetos t\u00e9cnicos ligados ao ensino todas as experi\u00eancias que resultem na constru\u00e7\u00e3o de artefatos ou produtos que auxiliem\/apoiem o processo de ensino-aprendizagem, a exemplo de: constru\u00e7\u00e3o de prot\u00f3tipos de rob\u00f4s, experimentos de campo ligados \u00e0 produ\u00e7\u00e3o de biofertilizantes e bioinseticidas, automa\u00e7\u00e3o de irriga\u00e7\u00e3o, tecnologias sociais, constru\u00e7\u00e3o de aplicativos, games, realidade virtual, v\u00eddeos, entre outros.<\/p>\n<p style=\"text-align: justify\">A submiss\u00e3o das propostas ser\u00e1 realizada mediante o encaminhamento do formul\u00e1rio constante no Anexo IV, devidamente preenchido para o e-mail: eventos@lapa.ifbaiano.edu.br.<\/p>\n<p style=\"text-align: justify\">PER\u00cdODO DE INSCRI\u00c7\u00d5ES: 26\/09\/2018 a 06\/10\/2018<\/p>\n<p style=\"text-align: justify\"><a href=\"http:\/\/www.ifbaiano.edu.br\/unidades\/lapa\/files\/2018\/09\/ANEXO_I_-_Minicursos.pdf\" target=\"_blank\">ANEXO I &#8211; Minicursos<\/a><\/p>\n<p style=\"text-align: justify\"><a href=\"http:\/\/www.ifbaiano.edu.br\/unidades\/lapa\/files\/2018\/09\/ANEXO_II_-_Comunicacao_Oral.pdf\" target=\"_blank\">ANEXO II &#8211; Comunica\u00e7\u00e3o Oral<\/a><\/p>\n<p style=\"text-align: justify\"><a href=\"http:\/\/www.ifbaiano.edu.br\/unidades\/lapa\/files\/2018\/09\/ANEXO_III_-_Relato_de_Experiencia.pdf\" target=\"_blank\">ANEXO III &#8211; Relato de Experi\u00eancia<\/a><\/p>\n<p style=\"text-align: justify\"><a href=\"http:\/\/www.ifbaiano.edu.br\/unidades\/lapa\/files\/2018\/09\/ANEXO_IV_-_Projetos_Tecnicos_e_de_Apoio_ao_Ensino.pdf\" target=\"_blank\">ANEXO IV &#8211; Projetos T\u00e9cnicos e de Apoio ao Ensino<\/a><\/p>\n<p style=\"text-align: justify\"><a href=\"https:\/\/docs.google.com\/forms\/d\/e\/1FAIpQLSdqnpKQEsN_DtoXkQw9ZS52TqYbih3gAC4495uUBvHmClCmqw\/viewform\">Inscri\u00e7\u00f5es<\/a><\/p>\n<p style=\"text-align: justify\">\u00a0Fonte: Comiss\u00e3o Organizadora<\/p>\n","protected":false},"excerpt":{"rendered":"<p>IV Semana de Ci\u00eancia e Tecnologia VI Semin\u00e1rio Integrado de Ensino, Pesquisa e Extens\u00e3o Bom Jesus da Lapa, 17 e 18 de outubro de 2018 NORMAS PARA SUBMISS\u00c3O DE OFICINAS OU MINICURSOS, RESUMOS, RELATOS DE EXPERI\u00caNCIAS E PROPOSTAS PARA EXPOSI\u00c7\u00c3O DE PROJETOS T\u00c9CNICOS LIGADOS AO ENSINO SUBMISS\u00c3O DE OFICINAS OU MINICURSOS Encontra-se aberto o per\u00edodo [&hellip;]<\/p>\n","protected":false},"author":100,"featured_media":11396,"comment_status":"open","ping_status":"open","sticky":false,"template":"","format":"standard","meta":[],"categories":[24,65],"tags":[],"_links":{"self":[{"href":"https:\/\/www.ifbaiano.edu.br\/unidades\/lapa\/wp-json\/wp\/v2\/posts\/11378"}],"collection":[{"href":"https:\/\/www.ifbaiano.edu.br\/unidades\/lapa\/wp-json\/wp\/v2\/posts"}],"about":[{"href":"https:\/\/www.ifbaiano.edu.br\/unidades\/lapa\/wp-json\/wp\/v2\/types\/post"}],"author":[{"embeddable":true,"href":"https:\/\/www.ifbaiano.edu.br\/unidades\/lapa\/wp-json\/wp\/v2\/users\/100"}],"replies":[{"embeddable":true,"href":"https:\/\/www.ifbaiano.edu.br\/unidades\/lapa\/wp-json\/wp\/v2\/comments?post=11378"}],"version-history":[{"count":12,"href":"https:\/\/www.ifbaiano.edu.br\/unidades\/lapa\/wp-json\/wp\/v2\/posts\/11378\/revisions"}],"predecessor-version":[{"id":11465,"href":"https:\/\/www.ifbaiano.edu.br\/unidades\/lapa\/wp-json\/wp\/v2\/posts\/11378\/revisions\/11465"}],"wp:featuredmedia":[{"embeddable":true,"href":"https:\/\/www.ifbaiano.edu.br\/unidades\/lapa\/wp-json\/wp\/v2\/media\/11396"}],"wp:attachment":[{"href":"https:\/\/www.ifbaiano.edu.br\/unidades\/lapa\/wp-json\/wp\/v2\/media?parent=11378"}],"wp:term":[{"taxonomy":"category","embeddable":true,"href":"https:\/\/www.ifbaiano.edu.br\/unidades\/lapa\/wp-json\/wp\/v2\/categories?post=11378"},{"taxonomy":"post_tag","embeddable":true,"href":"https:\/\/www.ifbaiano.edu.br\/unidades\/lapa\/wp-json\/wp\/v2\/tags?post=11378"}],"curies":[{"name":"wp","href":"https:\/\/api.w.org\/{rel}","templated":true}]}}