{"id":11430,"date":"2018-10-05T16:23:32","date_gmt":"2018-10-05T19:23:32","guid":{"rendered":"http:\/\/www.ifbaiano.edu.br\/unidades\/lapa\/?p=11430"},"modified":"2018-10-05T16:23:32","modified_gmt":"2018-10-05T19:23:32","slug":"prorrogado-o-prazo-para-submissao-de-trabalhos-a-iv-semana-de-ciencia-e-tecnologia-e-vi-seminario-de-ensino-pesquisa-e-extensao-do-campus-bom-jesus-da-lapa","status":"publish","type":"post","link":"https:\/\/www.ifbaiano.edu.br\/unidades\/lapa\/2018\/10\/05\/prorrogado-o-prazo-para-submissao-de-trabalhos-a-iv-semana-de-ciencia-e-tecnologia-e-vi-seminario-de-ensino-pesquisa-e-extensao-do-campus-bom-jesus-da-lapa\/","title":{"rendered":"Prorrogado o prazo para submiss\u00e3o de trabalhos \u00e0 IV Semana de Ci\u00eancia e Tecnologia e VI Semin\u00e1rio de Ensino, Pesquisa e Extens\u00e3o do Campus Bom Jesus da Lapa"},"content":{"rendered":"<div>\n<p><strong>Prorrogado o prazo para submiss\u00e3o de trabalhos \u00e0 IV Semana de Ci\u00eancia e Tecnologia e VI Semin\u00e1rio de Ensino, Pesquisa e Extens\u00e3o do Campus Bom Jesus da Lapa<\/strong>\n<\/div>\n<div>\n<p>Encontra-se aberto o per\u00edodo para submiss\u00e3o de propostas de oficinas e minicursos a serem desenvolvidos durante a 4\u00aa Semana de Ci\u00eancia e Tecnologia e 6\u00ba Semin\u00e1rio de Ensino, Pesquisa e Extens\u00e3o do IF Baiano \u2013 Campus Bom Jesus da Lapa, a realizar-se nos dias 17 e 18 de outubro de 2018.<\/p>\n<p>Os projetos dos minicursos e oficinas dever\u00e3o ter a dura\u00e7\u00e3o de 4 horas, e serem formatados conforme modelo apresentado no Anexo I. Depois de prontas, as propostas dever\u00e3o ser encaminhadas para o e-mail: eventos@lapa.ifbaiano.edu.br, em formato edit\u00e1vel. N\u00e3o ser\u00e3o aceitas propostas em formato diverso do solicitado.<\/p>\n<p>As propostas poder\u00e3o ser apresentadas tanto por servidores, colaboradores externos e por alunos, desde que orientados por um servidor.<\/p>\n<p><strong>PER\u00cdODO DE INSCRI\u00c7\u00d5ES: 26\/09\/2018 a 09\/10\/2018.<\/strong><\/p>\n<p><strong>SUBMISS\u00c3O DE RESUMOS PARA COMUNICA\u00c7\u00c3O ORAL<\/strong><\/p>\n<p>A Comiss\u00e3o Organizadora da 4\u00aa Semana de Ci\u00eancia e Tecnologia E 6\u00ba Semin\u00e1rio de Ensino, Pesquisa e Extens\u00e3o do IF Baiano \u2013 Campus Bom Jesus da Lapa tem a satisfa\u00e7\u00e3o de informar que est\u00e3o abertas as inscri\u00e7\u00f5es para Apresenta\u00e7\u00e3o de Trabalhos na modalidade Comunica\u00e7\u00e3o Oral, tanto para discentes quanto servidores do Campus Bom Jesus da Lapa.<\/p>\n<p>O modelo de resumo a ser endere\u00e7ado \u00e0 comiss\u00e3o encontra-se no Anexo II. Depois de elaborado conforme orienta\u00e7\u00f5es constantes do pr\u00f3prio modelo, os resumos dever\u00e3o ser encaminhados exclusivamente em formato edit\u00e1vel para o e-mail: eventos@lapa.ifbaiano.edu.br.<\/p>\n<p>Atividades que poder\u00e3o ser apresentadas:<\/p>\n<p>Projetos de pesquisa desenvolvidos e em desenvolvimento.<br \/>\n<strong>PER\u00cdODO DAS SUBMISS\u00d5ES: 26\/09\/2018 a 09\/10\/2018.<\/strong><\/p>\n<p>N\u00e3o ser\u00e3o aceitos trabalhos a partir desta data.<\/p>\n<p><strong>SUBMISS\u00c3O DE TRABALHOS PARA RELATOS DE EXPERI\u00caNCIAS<\/strong><\/p>\n<p>Encontra-se aberto o per\u00edodo para inscri\u00e7\u00e3o de relatos de experi\u00eancia a serem apresentados durante a 4\u00aa Semana de Ci\u00eancia e Tecnologia e 6\u00ba Semin\u00e1rio de Ensino, Pesquisa e extens\u00e3o do IF Baiano \u2013 Campus Bom Jesus da Lapa, a realizar-se nos dias 17 e 18 de outubro de 2018.<\/p>\n<p>Os relatos de experi\u00eancia s\u00e3o instrumentos para comunicar \u00e0 comunidade os resultados dos Projetos de Extens\u00e3o e a\u00e7\u00f5es desenvolvidas pelo Campus.<\/p>\n<p>Os relatos dever\u00e3o possuir os itens constantes do modelo apresentado no Anexo III, n\u00e3o ultrapassando uma p\u00e1gina. Depois de prontos, os relatos dever\u00e3o ser encaminhados para o e-mail: eventos@lapa.ifbaiano.edu.br, em formato edit\u00e1vel. N\u00e3o ser\u00e3o aceitos relatos encaminhados em formato diverso do solicitado.<\/p>\n<p>Atividades que poder\u00e3o ser apresentadas:<\/p>\n<p>Projetos de extens\u00e3o desenvolvidos e em desenvolvimento;<br \/>\nRelatos de atividades de Monitoria de Ensino;<br \/>\nEst\u00e1gios;<br \/>\nProjetos Integradores;<br \/>\nAtividades relacionadas.<\/p>\n<p><strong>PER\u00cdODO DE INSCRI\u00c7\u00d5ES: 26\/09\/2018 a 09\/10\/2018<\/strong><\/p>\n<p><strong>SUBMISS\u00c3O DE PROJETOS T\u00c9CNICOS LIGADOS AO ENSINO PARA EXPOSI\u00c7\u00c3O<\/strong><\/p>\n<p>Encontra-se aberto o per\u00edodo para inscri\u00e7\u00e3o de projetos t\u00e9cnicos ligados ao ensino a serem expostos durante a 4\u00aa Semana de Ci\u00eancia e Tecnologia e 6\u00ba Semin\u00e1rio de Ensino, Pesquisa e extens\u00e3o do IF Baiano \u2013 Campus Bom Jesus da Lapa, a realizar-se nos dias 17 e 18 de outubro de 2018.<\/p>\n<p>Entende-se aqui por projetos t\u00e9cnicos ligados ao ensino todas as experi\u00eancias que resultem na constru\u00e7\u00e3o de artefatos ou produtos que auxiliem\/apoiem o processo de ensino-aprendizagem, a exemplo de: constru\u00e7\u00e3o de prot\u00f3tipos de rob\u00f4s, experimentos de campo ligados \u00e0 produ\u00e7\u00e3o de biofertilizantes e bioinseticidas, automa\u00e7\u00e3o de irriga\u00e7\u00e3o, tecnologias sociais, constru\u00e7\u00e3o de aplicativos, games, realidade virtual, v\u00eddeos, entre outros.<\/p>\n<p>A submiss\u00e3o das propostas ser\u00e1 realizada mediante o encaminhamento do formul\u00e1rio constante no Anexo IV, devidamente preenchido para o e-mail: eventos@lapa.ifbaiano.edu.br.<\/p>\n<p><strong>PER\u00cdODO DE INSCRI\u00c7\u00d5ES: 26\/09\/2018 a 09\/10\/2018<\/strong><\/p>\n<p><a href=\"http:\/\/www.ifbaiano.edu.br\/unidades\/lapa\/files\/2018\/09\/ANEXO_I_-_Minicursos.pdf\" target=\"_blank\">ANEXO I \u2013 Minicursos<\/a><\/p>\n<p><a href=\"http:\/\/www.ifbaiano.edu.br\/unidades\/lapa\/files\/2018\/09\/ANEXO_II_-_Comunicacao_Oral.pdf\" target=\"_blank\">ANEXO II \u2013 Comunica\u00e7\u00e3o Oral<\/a><\/p>\n<p><a href=\"http:\/\/www.ifbaiano.edu.br\/unidades\/lapa\/files\/2018\/09\/ANEXO_III_-_Relato_de_Experiencia.pdf\" target=\"_blank\">ANEXO III \u2013 Relato de Experi\u00eancia<\/a><\/p>\n<p><a href=\"http:\/\/www.ifbaiano.edu.br\/unidades\/lapa\/files\/2018\/09\/ANEXO_IV_-_Projetos_Tecnicos_e_de_Apoio_ao_Ensino.pdf\" target=\"_blank\">ANEXO IV \u2013 Projetos T\u00e9cnicos e de Apoio ao Ensino<\/a><\/p>\n<p><strong>\u00a0Fonte<\/strong>: Comiss\u00e3o Organizadora<\/p>\n<\/div>\n","protected":false},"excerpt":{"rendered":"<p>Prorrogado o prazo para submiss\u00e3o de trabalhos \u00e0 IV Semana de Ci\u00eancia e Tecnologia e VI Semin\u00e1rio de Ensino, Pesquisa e Extens\u00e3o do Campus Bom Jesus da Lapa Encontra-se aberto o per\u00edodo para submiss\u00e3o de propostas de oficinas e minicursos a serem desenvolvidos durante a 4\u00aa Semana de Ci\u00eancia e Tecnologia e 6\u00ba Semin\u00e1rio de [&hellip;]<\/p>\n","protected":false},"author":100,"featured_media":0,"comment_status":"open","ping_status":"open","sticky":false,"template":"","format":"standard","meta":[],"categories":[34,24,65],"tags":[],"_links":{"self":[{"href":"https:\/\/www.ifbaiano.edu.br\/unidades\/lapa\/wp-json\/wp\/v2\/posts\/11430"}],"collection":[{"href":"https:\/\/www.ifbaiano.edu.br\/unidades\/lapa\/wp-json\/wp\/v2\/posts"}],"about":[{"href":"https:\/\/www.ifbaiano.edu.br\/unidades\/lapa\/wp-json\/wp\/v2\/types\/post"}],"author":[{"embeddable":true,"href":"https:\/\/www.ifbaiano.edu.br\/unidades\/lapa\/wp-json\/wp\/v2\/users\/100"}],"replies":[{"embeddable":true,"href":"https:\/\/www.ifbaiano.edu.br\/unidades\/lapa\/wp-json\/wp\/v2\/comments?post=11430"}],"version-history":[{"count":5,"href":"https:\/\/www.ifbaiano.edu.br\/unidades\/lapa\/wp-json\/wp\/v2\/posts\/11430\/revisions"}],"predecessor-version":[{"id":11435,"href":"https:\/\/www.ifbaiano.edu.br\/unidades\/lapa\/wp-json\/wp\/v2\/posts\/11430\/revisions\/11435"}],"wp:attachment":[{"href":"https:\/\/www.ifbaiano.edu.br\/unidades\/lapa\/wp-json\/wp\/v2\/media?parent=11430"}],"wp:term":[{"taxonomy":"category","embeddable":true,"href":"https:\/\/www.ifbaiano.edu.br\/unidades\/lapa\/wp-json\/wp\/v2\/categories?post=11430"},{"taxonomy":"post_tag","embeddable":true,"href":"https:\/\/www.ifbaiano.edu.br\/unidades\/lapa\/wp-json\/wp\/v2\/tags?post=11430"}],"curies":[{"name":"wp","href":"https:\/\/api.w.org\/{rel}","templated":true}]}}