{"id":11495,"date":"2018-10-11T10:50:59","date_gmt":"2018-10-11T13:50:59","guid":{"rendered":"http:\/\/www.ifbaiano.edu.br\/unidades\/lapa\/?p=11495"},"modified":"2018-10-30T11:27:29","modified_gmt":"2018-10-30T14:27:29","slug":"divulgacao-de-pregao-cantina","status":"publish","type":"post","link":"https:\/\/www.ifbaiano.edu.br\/unidades\/lapa\/2018\/10\/11\/divulgacao-de-pregao-cantina\/","title":{"rendered":"Aviso de Licita\u00e7\u00e3o para Preg\u00e3o Eletr\u00f4nico da Cantina"},"content":{"rendered":"<h3 style=\"text-align: center\">AVISO DE LICITA\u00c7\u00c3O<br \/>\nPREG\u00c3O ELETR\u00d4NICO N\u00ba 13\/2018 &#8211; UASG 151889<\/h3>\n<p style=\"text-align: justify\">Processo: 23328.000352\/2018. Objeto:<br \/>\nO presente preg\u00e3o tem por objetivo a cess\u00e3o administrativa de uso, a t\u00edtulo prec\u00e1rio, das depend\u00eancias do IF Baiano &#8211; Campus Bom Jesus da Lapa, para fins de explora\u00e7\u00e3o comercial dos servi\u00e7os da cantina, conforme condi\u00e7\u00f5es e especifica\u00e7\u00f5es constantes no Anexo I &#8211; Termo de Refer\u00eancia deste edital. Total de Itens Licitados: 1. Edital: 11\/10\/2018 das 08h00 \u00e0s 11h30 e das 13h30 \u00e0s 17h30. Endere\u00e7o: BR 349, Km 14 &#8211; Zona Rural, Bom Jesus da Lapa &#8211; Bahia ou <a href=\"http:\/\/www.comprasgovernamentais.gov.br\/edital\/151889-5-00013-2018\" target=\"_blank\" rel=\"noopener\">www.comprasgovernamentais.gov.br\/edital\/151889-5-00013-2018<\/a>. Entrega das Propostas: a partir de 11\/10\/2018 \u00e0s 08h00 no site <a href=\"http:\/\/www.comprasnet.gov.br\" target=\"_blank\" rel=\"noopener\">www.comprasnet.gov.br<\/a>. Abertura das Propostas: 24\/10\/2018 \u00e0s 08h00 no site www.comprasnet.gov.br.<\/p>\n<p><b>EDV\u00c2NIO CAMPOS MACEDO<br \/>\nChefe do N\u00facleo de Licita\u00e7\u00f5es<\/b><\/p>\n<p><a href=\"http:\/\/www.ifbaiano.edu.br\/unidades\/lapa\/files\/2018\/10\/EDITAL_13-2018.pdf\" target=\"_blank\">EDITAL 13\/2018<\/a><br \/>\n<a href=\"http:\/\/www.ifbaiano.edu.br\/unidades\/lapa\/files\/2018\/10\/ANEXO_I-TERMO_DE_REFERENCIA_CANTINA_2018.pdf\" target=\"_blank\">ANEXO I &#8211; TERMO DE REFER\u00caNCIA CANTINA 2018<\/a><br \/>\n<a href=\"http:\/\/www.ifbaiano.edu.br\/unidades\/lapa\/files\/2018\/10\/ANEXO_II-PLANILHA_DE_COMPOSICAO_DE_PRECOS.pdf\" target=\"_blank\">ANEXO II &#8211; PLANILHA DE COMPOSI\u00c7\u00c3O DE PRE\u00c7OS<\/a><br \/>\n<a href=\"http:\/\/www.ifbaiano.edu.br\/unidades\/lapa\/files\/2018\/10\/ANEXO_III-MINUTA_DE_CONTRATO.pdf\" target=\"_blank\">ANEXO III &#8211; MINUTA DE CONTRATO<\/a><br \/>\n<a href=\"http:\/\/www.ifbaiano.edu.br\/unidades\/lapa\/files\/2018\/10\/ANEXO_IV-AUTORIZACAO_DE_CONCESSAO_DE_USO.pdf\" target=\"_blank\">ANEXO IV &#8211; AUTORIZA\u00c7\u00c3O DE CONCESS\u00c3O DE USO<\/a><br \/>\n<a href=\"http:\/\/www.ifbaiano.edu.br\/unidades\/lapa\/files\/2018\/10\/ANEXO_V-ELABORACAO_DE_CUSTOS-AGUA-E-ENERGIA.pdf\" target=\"_blank\">ANEXO V &#8211; ELABORA\u00c7\u00c3O DE CUSTOS &#8211; \u00c1GUA E ENERGIA<\/a><\/p>\n","protected":false},"excerpt":{"rendered":"<p>O presente preg\u00e3o tem por objetivo a cess\u00e3o administrativa de uso, a t\u00edtulo prec\u00e1rio, das depend\u00eancias do IF Baiano &#8211; Campus Bom Jesus da Lapa, para fins de explora\u00e7\u00e3o comercial dos servi\u00e7os da cantina.<\/p>\n","protected":false},"author":100,"featured_media":0,"comment_status":"open","ping_status":"open","sticky":false,"template":"","format":"standard","meta":[],"categories":[64,24,1,65],"tags":[],"_links":{"self":[{"href":"https:\/\/www.ifbaiano.edu.br\/unidades\/lapa\/wp-json\/wp\/v2\/posts\/11495"}],"collection":[{"href":"https:\/\/www.ifbaiano.edu.br\/unidades\/lapa\/wp-json\/wp\/v2\/posts"}],"about":[{"href":"https:\/\/www.ifbaiano.edu.br\/unidades\/lapa\/wp-json\/wp\/v2\/types\/post"}],"author":[{"embeddable":true,"href":"https:\/\/www.ifbaiano.edu.br\/unidades\/lapa\/wp-json\/wp\/v2\/users\/100"}],"replies":[{"embeddable":true,"href":"https:\/\/www.ifbaiano.edu.br\/unidades\/lapa\/wp-json\/wp\/v2\/comments?post=11495"}],"version-history":[{"count":21,"href":"https:\/\/www.ifbaiano.edu.br\/unidades\/lapa\/wp-json\/wp\/v2\/posts\/11495\/revisions"}],"predecessor-version":[{"id":11605,"href":"https:\/\/www.ifbaiano.edu.br\/unidades\/lapa\/wp-json\/wp\/v2\/posts\/11495\/revisions\/11605"}],"wp:attachment":[{"href":"https:\/\/www.ifbaiano.edu.br\/unidades\/lapa\/wp-json\/wp\/v2\/media?parent=11495"}],"wp:term":[{"taxonomy":"category","embeddable":true,"href":"https:\/\/www.ifbaiano.edu.br\/unidades\/lapa\/wp-json\/wp\/v2\/categories?post=11495"},{"taxonomy":"post_tag","embeddable":true,"href":"https:\/\/www.ifbaiano.edu.br\/unidades\/lapa\/wp-json\/wp\/v2\/tags?post=11495"}],"curies":[{"name":"wp","href":"https:\/\/api.w.org\/{rel}","templated":true}]}}