{"id":1158,"date":"2013-06-27T14:05:38","date_gmt":"2013-06-27T16:05:38","guid":{"rendered":"http:\/\/www.ifbaiano.edu.br\/unidades\/lapa\/?p=1158"},"modified":"2013-06-27T14:22:43","modified_gmt":"2013-06-27T16:22:43","slug":"campus-bom-jesus-da-lapa-realiza-comemoracao-junina","status":"publish","type":"post","link":"https:\/\/www.ifbaiano.edu.br\/unidades\/lapa\/2013\/06\/27\/campus-bom-jesus-da-lapa-realiza-comemoracao-junina\/","title":{"rendered":"Campus Bom Jesus da Lapa realiza comemora\u00e7\u00e3o junina"},"content":{"rendered":"<p align=\"JUSTIFY\"><span>O evento ocorreu no \u00faltimo dia 20 de junho de 2013 no Campus Bom Jesus da Lapa.<!--more--><\/span><\/p>\n<p align=\"JUSTIFY\"><span>Aconteceu no \u00faltimo dia 20 de junho de 2013 (quinta-feira) no Campus Bom Jesus da Lapa, o \u201c<\/span><span><strong>IV Arrai\u00e1 dos Feder\u00e1<\/strong><\/span><span>\u201d, evento que j\u00e1 \u00e9 tradi\u00e7\u00e3o dentro da institui\u00e7\u00e3o. <\/span><\/p>\n<p align=\"JUSTIFY\"><span>Estiveram presentes servidores, alunos e comunidade externa. A programa\u00e7\u00e3o contou com a apresenta\u00e7\u00e3o de um v\u00eddeo, resgatando as edi\u00e7\u00f5es anteriores do evento, quadrilha e um divertido bingo. A anima\u00e7\u00e3o musical ficou por conta do cantor Felipe Costa e Banda.<\/span><\/p>\n<p align=\"JUSTIFY\"><strong>Fonte:<\/strong> Gabinete da Dire\u00e7\u00e3o Geral<\/p>\n<p align=\"JUSTIFY\">Confiram algumas fotos.<\/p>\n\n\t\t<style type=\"text\/css\">\n\t\t\t#gallery-1 {\n\t\t\t\tmargin: auto;\n\t\t\t}\n\t\t\t#gallery-1 .gallery-item {\n\t\t\t\tfloat: left;\n\t\t\t\tmargin-top: 10px;\n\t\t\t\ttext-align: center;\n\t\t\t\twidth: 33%;\n\t\t\t}\n\t\t\t#gallery-1 img {\n\t\t\t\tborder: 2px solid #cfcfcf;\n\t\t\t}\n\t\t\t#gallery-1 .gallery-caption {\n\t\t\t\tmargin-left: 0;\n\t\t\t}\n\t\t\t\/* see gallery_shortcode() in wp-includes\/media.php *\/\n\t\t<\/style>\n\t\t<div id='gallery-1' class='gallery galleryid-1158 gallery-columns-3 gallery-size-thumbnail'><dl class='gallery-item'>\n\t\t\t<dt class='gallery-icon landscape'>\n\t\t\t\t<a href='https:\/\/www.ifbaiano.edu.br\/unidades\/lapa\/files\/2013\/06\/DSC04655.jpg'><img width=\"150\" height=\"150\" src=\"https:\/\/www.ifbaiano.edu.br\/unidades\/lapa\/files\/2013\/06\/DSC04655-150x150.jpg\" class=\"attachment-thumbnail size-thumbnail\" alt=\"\" decoding=\"async\" loading=\"lazy\" \/><\/a>\n\t\t\t<\/dt><\/dl><dl class='gallery-item'>\n\t\t\t<dt class='gallery-icon landscape'>\n\t\t\t\t<a href='https:\/\/www.ifbaiano.edu.br\/unidades\/lapa\/files\/2013\/06\/DSC04696.jpg'><img width=\"150\" height=\"150\" src=\"https:\/\/www.ifbaiano.edu.br\/unidades\/lapa\/files\/2013\/06\/DSC04696-150x150.jpg\" class=\"attachment-thumbnail size-thumbnail\" alt=\"\" decoding=\"async\" loading=\"lazy\" \/><\/a>\n\t\t\t<\/dt><\/dl><dl class='gallery-item'>\n\t\t\t<dt class='gallery-icon landscape'>\n\t\t\t\t<a href='https:\/\/www.ifbaiano.edu.br\/unidades\/lapa\/files\/2013\/06\/DSC04694.jpg'><img width=\"150\" height=\"150\" src=\"https:\/\/www.ifbaiano.edu.br\/unidades\/lapa\/files\/2013\/06\/DSC04694-150x150.jpg\" class=\"attachment-thumbnail size-thumbnail\" alt=\"\" decoding=\"async\" loading=\"lazy\" \/><\/a>\n\t\t\t<\/dt><\/dl><br style=\"clear: both\" \/>\n\t\t<\/div>\n\n<p>&nbsp;<\/p>\n<p>&nbsp;<\/p>\n","protected":false},"excerpt":{"rendered":"<p>O evento ocorreu no \u00faltimo dia 20 de junho de 2013 no Campus Bom Jesus da Lapa.<\/p>\n","protected":false},"author":41,"featured_media":0,"comment_status":"open","ping_status":"open","sticky":false,"template":"","format":"standard","meta":[],"categories":[25,24],"tags":[],"_links":{"self":[{"href":"https:\/\/www.ifbaiano.edu.br\/unidades\/lapa\/wp-json\/wp\/v2\/posts\/1158"}],"collection":[{"href":"https:\/\/www.ifbaiano.edu.br\/unidades\/lapa\/wp-json\/wp\/v2\/posts"}],"about":[{"href":"https:\/\/www.ifbaiano.edu.br\/unidades\/lapa\/wp-json\/wp\/v2\/types\/post"}],"author":[{"embeddable":true,"href":"https:\/\/www.ifbaiano.edu.br\/unidades\/lapa\/wp-json\/wp\/v2\/users\/41"}],"replies":[{"embeddable":true,"href":"https:\/\/www.ifbaiano.edu.br\/unidades\/lapa\/wp-json\/wp\/v2\/comments?post=1158"}],"version-history":[{"count":9,"href":"https:\/\/www.ifbaiano.edu.br\/unidades\/lapa\/wp-json\/wp\/v2\/posts\/1158\/revisions"}],"predecessor-version":[{"id":1163,"href":"https:\/\/www.ifbaiano.edu.br\/unidades\/lapa\/wp-json\/wp\/v2\/posts\/1158\/revisions\/1163"}],"wp:attachment":[{"href":"https:\/\/www.ifbaiano.edu.br\/unidades\/lapa\/wp-json\/wp\/v2\/media?parent=1158"}],"wp:term":[{"taxonomy":"category","embeddable":true,"href":"https:\/\/www.ifbaiano.edu.br\/unidades\/lapa\/wp-json\/wp\/v2\/categories?post=1158"},{"taxonomy":"post_tag","embeddable":true,"href":"https:\/\/www.ifbaiano.edu.br\/unidades\/lapa\/wp-json\/wp\/v2\/tags?post=1158"}],"curies":[{"name":"wp","href":"https:\/\/api.w.org\/{rel}","templated":true}]}}