{"id":11656,"date":"2018-11-30T15:08:20","date_gmt":"2018-11-30T18:08:20","guid":{"rendered":"http:\/\/www.ifbaiano.edu.br\/unidades\/lapa\/?p=11656"},"modified":"2018-11-30T15:17:55","modified_gmt":"2018-11-30T18:17:55","slug":"lacos-familiares-fortalecendo-vinculo-entre-surdos-e-ouvintes","status":"publish","type":"post","link":"https:\/\/www.ifbaiano.edu.br\/unidades\/lapa\/2018\/11\/30\/lacos-familiares-fortalecendo-vinculo-entre-surdos-e-ouvintes\/","title":{"rendered":"La\u00e7os familiares: Fortalecendo v\u00ednculo entre surdos e ouvintes"},"content":{"rendered":"<p><img decoding=\"async\" src=\"http:\/\/www.ifbaiano.edu.br\/unidades\/lapa\/files\/2018\/11\/Lacos_familiares_Fortalecendo_vinculo_entre_surdos_e_ouvintes.jpeg\" alt=\"La\u00e7os familiares: Fortalecendo v\u00ednculo entre surdos e ouvintes\" \/><\/p>\n<p style=\"text-align: justify\">O N\u00facleo de Atendimento \u00e0s Pessoas com Necessidades Espec\u00edficas \u2013 Napne, do Campus Bom Jesus da Lapa realizar\u00e1 o primeiro encontro de fam\u00edlias de surdos, intitulado \u201cLa\u00e7os familiares: Fortalecendo v\u00ednculo entre surdos e ouvintes\u201d a atividade ocorrer\u00e1 no dia 03 de dezembro de 2018, das 19:00 \u00e0s 22:00 no audit\u00f3rio do Campus. Este momento tem a finalidade de apresentar e discutir acerca da L\u00edngua Brasileira de Sinais (Libras), dos dispositivos legais que asseguram a inclus\u00e3o e acessibilidade dos sujeitos surdos, dos desafios na comunica\u00e7\u00e3o entre surdos e ouvintes e a import\u00e2ncia do aprendizado da Libras no seio familiar.<\/p>\n<p>Fonte: NAPNE &#8211; Campus Bom Jesus da Lapa<\/p>\n","protected":false},"excerpt":{"rendered":"<p>O N\u00facleo de Atendimento \u00e0s Pessoas com Necessidades Espec\u00edficas \u2013 Napne, do Campus Bom Jesus da Lapa realizar\u00e1 o primeiro encontro de fam\u00edlias de surdos, intitulado \u201cLa\u00e7os familiares: Fortalecendo v\u00ednculo entre surdos e ouvintes\u201d a atividade ocorrer\u00e1 no dia 03 de dezembro de 2018, das 19:00 \u00e0s 22:00 no audit\u00f3rio do Campus. Este momento tem [&hellip;]<\/p>\n","protected":false},"author":100,"featured_media":11662,"comment_status":"open","ping_status":"open","sticky":false,"template":"","format":"standard","meta":[],"categories":[64,65],"tags":[89,88,90],"_links":{"self":[{"href":"https:\/\/www.ifbaiano.edu.br\/unidades\/lapa\/wp-json\/wp\/v2\/posts\/11656"}],"collection":[{"href":"https:\/\/www.ifbaiano.edu.br\/unidades\/lapa\/wp-json\/wp\/v2\/posts"}],"about":[{"href":"https:\/\/www.ifbaiano.edu.br\/unidades\/lapa\/wp-json\/wp\/v2\/types\/post"}],"author":[{"embeddable":true,"href":"https:\/\/www.ifbaiano.edu.br\/unidades\/lapa\/wp-json\/wp\/v2\/users\/100"}],"replies":[{"embeddable":true,"href":"https:\/\/www.ifbaiano.edu.br\/unidades\/lapa\/wp-json\/wp\/v2\/comments?post=11656"}],"version-history":[{"count":4,"href":"https:\/\/www.ifbaiano.edu.br\/unidades\/lapa\/wp-json\/wp\/v2\/posts\/11656\/revisions"}],"predecessor-version":[{"id":11661,"href":"https:\/\/www.ifbaiano.edu.br\/unidades\/lapa\/wp-json\/wp\/v2\/posts\/11656\/revisions\/11661"}],"wp:featuredmedia":[{"embeddable":true,"href":"https:\/\/www.ifbaiano.edu.br\/unidades\/lapa\/wp-json\/wp\/v2\/media\/11662"}],"wp:attachment":[{"href":"https:\/\/www.ifbaiano.edu.br\/unidades\/lapa\/wp-json\/wp\/v2\/media?parent=11656"}],"wp:term":[{"taxonomy":"category","embeddable":true,"href":"https:\/\/www.ifbaiano.edu.br\/unidades\/lapa\/wp-json\/wp\/v2\/categories?post=11656"},{"taxonomy":"post_tag","embeddable":true,"href":"https:\/\/www.ifbaiano.edu.br\/unidades\/lapa\/wp-json\/wp\/v2\/tags?post=11656"}],"curies":[{"name":"wp","href":"https:\/\/api.w.org\/{rel}","templated":true}]}}