{"id":11698,"date":"2018-12-10T11:35:26","date_gmt":"2018-12-10T14:35:26","guid":{"rendered":"http:\/\/www.ifbaiano.edu.br\/unidades\/lapa\/?p=11698"},"modified":"2019-01-15T18:40:32","modified_gmt":"2019-01-15T21:40:32","slug":"i-encontro-de-familias-de-surdos","status":"publish","type":"post","link":"https:\/\/www.ifbaiano.edu.br\/unidades\/lapa\/2018\/12\/10\/i-encontro-de-familias-de-surdos\/","title":{"rendered":"I Encontro de Fam\u00edlias de surdos"},"content":{"rendered":"<h1 style=\"text-align: center\">I Encontro de Fam\u00edlias de surdos<\/h1>\n<h2 style=\"text-align: center\">La\u00e7os Familiares: Fortalecendo V\u00ednculo Entre Surdos e Ouvintes<\/h2>\n<p style=\"text-align: justify\">O encontro de fam\u00edlias de surdos, realizado no dia 3 de dezembro de 2018 no IF Baiano Campus Bom Jesus da Lapa, contou com a presen\u00e7a dos familiares, equipe do Napne e Diretor Acad\u00eamico. Foram discutidos diversos assuntos, tais como a L\u00edngua Brasileira de Sinais (Libras) aspectos lingu\u00edsticos e sociais, dos dispositivos legais que asseguram a inclus\u00e3o e acessibilidade dos sujeitos surdos, dos desafios na comunica\u00e7\u00e3o entre surdos e ouvintes e a import\u00e2ncia do aprendizado da Libras no seio familiar. Como encaminhamento deste encontro o Napne ofertar\u00e1 no per\u00edodo de 2019.1 cursos de Libras para familiares de surdos.<\/p>\n<p><img decoding=\"async\" loading=\"lazy\" class=\"alignnone size-medium wp-image-11699\" src=\"http:\/\/www.ifbaiano.edu.br\/unidades\/lapa\/files\/2018\/12\/Foto_LF_01.jpg\" alt=\"Foto_LF_01\" width=\"1280\" height=\"960\" \/><\/p>\n<p><img decoding=\"async\" loading=\"lazy\" class=\"alignnone size-medium wp-image-11700\" src=\"http:\/\/www.ifbaiano.edu.br\/unidades\/lapa\/files\/2018\/12\/Foto_LF_02.jpg\" alt=\"Foto_LF_02\" width=\"300\" height=\"225\" \/><\/p>\n<p><img decoding=\"async\" loading=\"lazy\" class=\"alignnone size-medium wp-image-11701\" src=\"http:\/\/www.ifbaiano.edu.br\/unidades\/lapa\/files\/2018\/12\/Foto_LF_03.jpg\" alt=\"Foto_LF_03\" width=\"300\" height=\"225\" \/><\/p>\n<p><img decoding=\"async\" loading=\"lazy\" class=\"alignnone size-medium wp-image-11702\" src=\"http:\/\/www.ifbaiano.edu.br\/unidades\/lapa\/files\/2018\/12\/Foto_LF_04.jpg\" alt=\"Foto_LF_04\" width=\"300\" height=\"225\" \/><\/p>\n<p><img decoding=\"async\" loading=\"lazy\" class=\"alignnone size-medium wp-image-11703\" src=\"http:\/\/www.ifbaiano.edu.br\/unidades\/lapa\/files\/2018\/12\/Foto_LF_05.jpg\" alt=\"Foto_LF_05\" width=\"300\" height=\"225\" \/><\/p>\n<p><img decoding=\"async\" loading=\"lazy\" class=\"alignnone size-medium wp-image-11704\" src=\"http:\/\/www.ifbaiano.edu.br\/unidades\/lapa\/files\/2018\/12\/Foto_LF_06.jpg\" alt=\"Foto_LF_06\" width=\"300\" height=\"225\" \/><\/p>\n<p><img decoding=\"async\" loading=\"lazy\" class=\"alignnone size-medium wp-image-11705\" src=\"http:\/\/www.ifbaiano.edu.br\/unidades\/lapa\/files\/2018\/12\/Foto_LF_07.jpg\" alt=\"Foto_LF_07\" width=\"300\" height=\"225\" \/><\/p>\n<p><img decoding=\"async\" loading=\"lazy\" class=\"alignnone size-medium wp-image-11706\" src=\"http:\/\/www.ifbaiano.edu.br\/unidades\/lapa\/files\/2018\/12\/Foto_LF_08.jpg\" alt=\"Foto_LF_08\" width=\"300\" height=\"225\" \/><\/p>\n<p>Fonte: NAPNE<\/p>\n","protected":false},"excerpt":{"rendered":"<p>I Encontro de Fam\u00edlias de surdos La\u00e7os Familiares: Fortalecendo V\u00ednculo Entre Surdos e Ouvintes O encontro de fam\u00edlias de surdos, realizado no dia 3 de dezembro de 2018 no IF Baiano Campus Bom Jesus da Lapa, contou com a presen\u00e7a dos familiares, equipe do Napne e Diretor Acad\u00eamico. Foram discutidos diversos assuntos, tais como a [&hellip;]<\/p>\n","protected":false},"author":100,"featured_media":11662,"comment_status":"open","ping_status":"open","sticky":false,"template":"","format":"standard","meta":[],"categories":[24,65],"tags":[93,88,94],"_links":{"self":[{"href":"https:\/\/www.ifbaiano.edu.br\/unidades\/lapa\/wp-json\/wp\/v2\/posts\/11698"}],"collection":[{"href":"https:\/\/www.ifbaiano.edu.br\/unidades\/lapa\/wp-json\/wp\/v2\/posts"}],"about":[{"href":"https:\/\/www.ifbaiano.edu.br\/unidades\/lapa\/wp-json\/wp\/v2\/types\/post"}],"author":[{"embeddable":true,"href":"https:\/\/www.ifbaiano.edu.br\/unidades\/lapa\/wp-json\/wp\/v2\/users\/100"}],"replies":[{"embeddable":true,"href":"https:\/\/www.ifbaiano.edu.br\/unidades\/lapa\/wp-json\/wp\/v2\/comments?post=11698"}],"version-history":[{"count":7,"href":"https:\/\/www.ifbaiano.edu.br\/unidades\/lapa\/wp-json\/wp\/v2\/posts\/11698\/revisions"}],"predecessor-version":[{"id":11715,"href":"https:\/\/www.ifbaiano.edu.br\/unidades\/lapa\/wp-json\/wp\/v2\/posts\/11698\/revisions\/11715"}],"wp:featuredmedia":[{"embeddable":true,"href":"https:\/\/www.ifbaiano.edu.br\/unidades\/lapa\/wp-json\/wp\/v2\/media\/11662"}],"wp:attachment":[{"href":"https:\/\/www.ifbaiano.edu.br\/unidades\/lapa\/wp-json\/wp\/v2\/media?parent=11698"}],"wp:term":[{"taxonomy":"category","embeddable":true,"href":"https:\/\/www.ifbaiano.edu.br\/unidades\/lapa\/wp-json\/wp\/v2\/categories?post=11698"},{"taxonomy":"post_tag","embeddable":true,"href":"https:\/\/www.ifbaiano.edu.br\/unidades\/lapa\/wp-json\/wp\/v2\/tags?post=11698"}],"curies":[{"name":"wp","href":"https:\/\/api.w.org\/{rel}","templated":true}]}}