{"id":11733,"date":"2018-12-21T17:29:51","date_gmt":"2018-12-21T20:29:51","guid":{"rendered":"http:\/\/www.ifbaiano.edu.br\/unidades\/lapa\/?p=11733"},"modified":"2019-01-15T18:39:24","modified_gmt":"2019-01-15T21:39:24","slug":"processo-de-ingresso-de-estudantes-em-2019","status":"publish","type":"post","link":"https:\/\/www.ifbaiano.edu.br\/unidades\/lapa\/2018\/12\/21\/processo-de-ingresso-de-estudantes-em-2019\/","title":{"rendered":"PROCESSO DE INGRESSO DE ESTUDANTES EM 2019"},"content":{"rendered":"<p>&nbsp;<\/p>\n<p>A Diretoria Acad\u00eamica do IF Baiano <em>Campus<\/em> Bom Jesus da Lapa torna p\u00fablico o Edital de matr\u00edcula 21\/2018, referente ao processo de ingresso de estudantes 2019.<\/p>\n<p><a href=\"http:\/\/www.ifbaiano.edu.br\/unidades\/lapa\/files\/2018\/12\/Edital_Matricula_2019.pdf\" target=\"_blank\">Edital Matricula 2019<\/a><\/p>\n<p>Fonte: Dire\u00e7\u00e3o Acad\u00eamica<\/p>\n","protected":false},"excerpt":{"rendered":"<p>&nbsp; A Diretoria Acad\u00eamica do IF Baiano Campus Bom Jesus da Lapa torna p\u00fablico o Edital de matr\u00edcula 21\/2018, referente ao processo de ingresso de estudantes 2019. Edital Matricula 2019 Fonte: Dire\u00e7\u00e3o Acad\u00eamica<\/p>\n","protected":false},"author":100,"featured_media":11723,"comment_status":"open","ping_status":"open","sticky":false,"template":"","format":"standard","meta":[],"categories":[39,24,73,65],"tags":[],"_links":{"self":[{"href":"https:\/\/www.ifbaiano.edu.br\/unidades\/lapa\/wp-json\/wp\/v2\/posts\/11733"}],"collection":[{"href":"https:\/\/www.ifbaiano.edu.br\/unidades\/lapa\/wp-json\/wp\/v2\/posts"}],"about":[{"href":"https:\/\/www.ifbaiano.edu.br\/unidades\/lapa\/wp-json\/wp\/v2\/types\/post"}],"author":[{"embeddable":true,"href":"https:\/\/www.ifbaiano.edu.br\/unidades\/lapa\/wp-json\/wp\/v2\/users\/100"}],"replies":[{"embeddable":true,"href":"https:\/\/www.ifbaiano.edu.br\/unidades\/lapa\/wp-json\/wp\/v2\/comments?post=11733"}],"version-history":[{"count":5,"href":"https:\/\/www.ifbaiano.edu.br\/unidades\/lapa\/wp-json\/wp\/v2\/posts\/11733\/revisions"}],"predecessor-version":[{"id":11742,"href":"https:\/\/www.ifbaiano.edu.br\/unidades\/lapa\/wp-json\/wp\/v2\/posts\/11733\/revisions\/11742"}],"wp:featuredmedia":[{"embeddable":true,"href":"https:\/\/www.ifbaiano.edu.br\/unidades\/lapa\/wp-json\/wp\/v2\/media\/11723"}],"wp:attachment":[{"href":"https:\/\/www.ifbaiano.edu.br\/unidades\/lapa\/wp-json\/wp\/v2\/media?parent=11733"}],"wp:term":[{"taxonomy":"category","embeddable":true,"href":"https:\/\/www.ifbaiano.edu.br\/unidades\/lapa\/wp-json\/wp\/v2\/categories?post=11733"},{"taxonomy":"post_tag","embeddable":true,"href":"https:\/\/www.ifbaiano.edu.br\/unidades\/lapa\/wp-json\/wp\/v2\/tags?post=11733"}],"curies":[{"name":"wp","href":"https:\/\/api.w.org\/{rel}","templated":true}]}}