{"id":11743,"date":"2019-01-14T12:41:35","date_gmt":"2019-01-14T15:41:35","guid":{"rendered":"http:\/\/www.ifbaiano.edu.br\/unidades\/lapa\/?p=11743"},"modified":"2019-01-15T18:38:14","modified_gmt":"2019-01-15T21:38:14","slug":"2a-chamada-de-matriculas-processo-de-ingresso-de-estudantes-em-2019","status":"publish","type":"post","link":"https:\/\/www.ifbaiano.edu.br\/unidades\/lapa\/2019\/01\/14\/2a-chamada-de-matriculas-processo-de-ingresso-de-estudantes-em-2019\/","title":{"rendered":"2\u00aa CHAMADA DE MATR\u00cdCULAS &#8211; PROCESSO DE INGRESSO DE ESTUDANTES EM 2019"},"content":{"rendered":"<p style=\"text-align: justify\">A Diretoria Acad\u00eamica do IF Baiano\u00a0<em>Campus<\/em>\u00a0Bom Jesus da Lapa torna p\u00fablico o Edital 01\/2019, relacionado a\u00a0<span id=\"OBJ_PREFIX_DWT98_com_zimbra_date\" class=\"Object\">segunda<\/span>\u00a0chamada para matr\u00edculas nos cursos t\u00e9cnicos integrados ao ensino m\u00e9dio.<\/p>\n<p><a href=\"http:\/\/www.ifbaiano.edu.br\/unidades\/lapa\/files\/2019\/01\/Edital_01-2019.pdf\" target=\"_blank\">Edital 01\/2019<\/a><\/p>\n","protected":false},"excerpt":{"rendered":"<p>A Diretoria Acad\u00eamica do IF Baiano\u00a0Campus\u00a0Bom Jesus da Lapa torna p\u00fablico o Edital 01\/2019, relacionado a\u00a0segunda\u00a0chamada para matr\u00edculas nos cursos t\u00e9cnicos integrados ao ensino m\u00e9dio. Edital 01\/2019<\/p>\n","protected":false},"author":100,"featured_media":11723,"comment_status":"open","ping_status":"open","sticky":false,"template":"","format":"standard","meta":[],"categories":[39,24,73,65],"tags":[],"_links":{"self":[{"href":"https:\/\/www.ifbaiano.edu.br\/unidades\/lapa\/wp-json\/wp\/v2\/posts\/11743"}],"collection":[{"href":"https:\/\/www.ifbaiano.edu.br\/unidades\/lapa\/wp-json\/wp\/v2\/posts"}],"about":[{"href":"https:\/\/www.ifbaiano.edu.br\/unidades\/lapa\/wp-json\/wp\/v2\/types\/post"}],"author":[{"embeddable":true,"href":"https:\/\/www.ifbaiano.edu.br\/unidades\/lapa\/wp-json\/wp\/v2\/users\/100"}],"replies":[{"embeddable":true,"href":"https:\/\/www.ifbaiano.edu.br\/unidades\/lapa\/wp-json\/wp\/v2\/comments?post=11743"}],"version-history":[{"count":3,"href":"https:\/\/www.ifbaiano.edu.br\/unidades\/lapa\/wp-json\/wp\/v2\/posts\/11743\/revisions"}],"predecessor-version":[{"id":11747,"href":"https:\/\/www.ifbaiano.edu.br\/unidades\/lapa\/wp-json\/wp\/v2\/posts\/11743\/revisions\/11747"}],"wp:featuredmedia":[{"embeddable":true,"href":"https:\/\/www.ifbaiano.edu.br\/unidades\/lapa\/wp-json\/wp\/v2\/media\/11723"}],"wp:attachment":[{"href":"https:\/\/www.ifbaiano.edu.br\/unidades\/lapa\/wp-json\/wp\/v2\/media?parent=11743"}],"wp:term":[{"taxonomy":"category","embeddable":true,"href":"https:\/\/www.ifbaiano.edu.br\/unidades\/lapa\/wp-json\/wp\/v2\/categories?post=11743"},{"taxonomy":"post_tag","embeddable":true,"href":"https:\/\/www.ifbaiano.edu.br\/unidades\/lapa\/wp-json\/wp\/v2\/tags?post=11743"}],"curies":[{"name":"wp","href":"https:\/\/api.w.org\/{rel}","templated":true}]}}