{"id":11748,"date":"2019-01-16T08:31:43","date_gmt":"2019-01-16T11:31:43","guid":{"rendered":"http:\/\/www.ifbaiano.edu.br\/unidades\/lapa\/?p=11748"},"modified":"2019-01-31T21:33:05","modified_gmt":"2019-02-01T00:33:05","slug":"pos-graduacao-em-educacao-matematica","status":"publish","type":"post","link":"https:\/\/www.ifbaiano.edu.br\/unidades\/lapa\/2019\/01\/16\/pos-graduacao-em-educacao-matematica\/","title":{"rendered":"P\u00f3s-Gradua\u00e7\u00e3o em Educa\u00e7\u00e3o Matem\u00e1tica"},"content":{"rendered":"<p><img decoding=\"async\" src=\"http:\/\/www.ifbaiano.edu.br\/unidades\/lapa\/files\/2019\/01\/Cartaz_de_prorrogacao_2019.png\" alt=\"Edital P\u00f3s-Gradua\u00e7\u00e3o em Educa\u00e7\u00e3o Matem\u00e1tica\" \/><\/p>\n<p style=\"text-align: justify\">O Reitor do Instituto Federal de Educa\u00e7\u00e3o, Ci\u00eancia e Tecnologia Baiano no uso de suas atribui\u00e7\u00f5es legais torna p\u00fablica as normas que regem o processo de sele\u00e7\u00e3o para ingresso no Curso de P\u00f3s-Gradua\u00e7\u00e3o <em>lato sensu<\/em> em Educa\u00e7\u00e3o Matem\u00e1tica no \u00e2mbito do <em>Campus<\/em> Bom Jesus da Lapa.<\/p>\n<p>Fonte: Gabinete<\/p>\n<p>Acesso o edital <a href=\"http:\/\/www.ifbaiano.edu.br\/unidades\/lapa\/files\/2016\/07\/Edital_113-2018.pdf\" target=\"_blank\" rel=\"noopener\">aqui<\/a><br \/>\nAcesse a p\u00e1gina do processo seletivo <a href=\"http:\/\/www.ifbaiano.edu.br\/unidades\/lapa\/processo_seletivo\/\" target=\"_blank\" rel=\"noopener\">aqui<\/a><br \/>\nFa\u00e7a inscri\u00e7\u00e3o <a href=\"https:\/\/docs.google.com\/forms\/d\/e\/1FAIpQLSevDiu8R658yxHkxefEYoglSsCemSKB9qxXongIfHWt6wIG5Q\/viewform\" target=\"_blank\" rel=\"noopener\">aqui<\/a><\/p>\n","protected":false},"excerpt":{"rendered":"<p>O Reitor do Instituto Federal de Educa\u00e7\u00e3o, Ci\u00eancia e Tecnologia Baiano no uso de suas atribui\u00e7\u00f5es legais torna p\u00fablica as normas que regem o processo de sele\u00e7\u00e3o para ingresso no Curso de P\u00f3s-Gradua\u00e7\u00e3o lato sensu em Educa\u00e7\u00e3o Matem\u00e1tica no \u00e2mbito do Campus Bom Jesus da Lapa. Fonte: Gabinete Acesso o edital aqui Acesse a p\u00e1gina [&hellip;]<\/p>\n","protected":false},"author":100,"featured_media":11799,"comment_status":"open","ping_status":"open","sticky":false,"template":"","format":"standard","meta":[],"categories":[34,64,39,73,65],"tags":[],"_links":{"self":[{"href":"https:\/\/www.ifbaiano.edu.br\/unidades\/lapa\/wp-json\/wp\/v2\/posts\/11748"}],"collection":[{"href":"https:\/\/www.ifbaiano.edu.br\/unidades\/lapa\/wp-json\/wp\/v2\/posts"}],"about":[{"href":"https:\/\/www.ifbaiano.edu.br\/unidades\/lapa\/wp-json\/wp\/v2\/types\/post"}],"author":[{"embeddable":true,"href":"https:\/\/www.ifbaiano.edu.br\/unidades\/lapa\/wp-json\/wp\/v2\/users\/100"}],"replies":[{"embeddable":true,"href":"https:\/\/www.ifbaiano.edu.br\/unidades\/lapa\/wp-json\/wp\/v2\/comments?post=11748"}],"version-history":[{"count":4,"href":"https:\/\/www.ifbaiano.edu.br\/unidades\/lapa\/wp-json\/wp\/v2\/posts\/11748\/revisions"}],"predecessor-version":[{"id":11801,"href":"https:\/\/www.ifbaiano.edu.br\/unidades\/lapa\/wp-json\/wp\/v2\/posts\/11748\/revisions\/11801"}],"wp:featuredmedia":[{"embeddable":true,"href":"https:\/\/www.ifbaiano.edu.br\/unidades\/lapa\/wp-json\/wp\/v2\/media\/11799"}],"wp:attachment":[{"href":"https:\/\/www.ifbaiano.edu.br\/unidades\/lapa\/wp-json\/wp\/v2\/media?parent=11748"}],"wp:term":[{"taxonomy":"category","embeddable":true,"href":"https:\/\/www.ifbaiano.edu.br\/unidades\/lapa\/wp-json\/wp\/v2\/categories?post=11748"},{"taxonomy":"post_tag","embeddable":true,"href":"https:\/\/www.ifbaiano.edu.br\/unidades\/lapa\/wp-json\/wp\/v2\/tags?post=11748"}],"curies":[{"name":"wp","href":"https:\/\/api.w.org\/{rel}","templated":true}]}}