{"id":11782,"date":"2019-01-24T08:39:43","date_gmt":"2019-01-24T11:39:43","guid":{"rendered":"http:\/\/www.ifbaiano.edu.br\/unidades\/lapa\/?p=11782"},"modified":"2024-01-22T12:57:31","modified_gmt":"2024-01-22T15:57:31","slug":"curso-de-pos-graduacao-lato-sensu-em-educacao-do-campo-2019","status":"publish","type":"post","link":"https:\/\/www.ifbaiano.edu.br\/unidades\/lapa\/2019\/01\/24\/curso-de-pos-graduacao-lato-sensu-em-educacao-do-campo-2019\/","title":{"rendered":"Ingresso no Curso de P\u00f3s-Gradua\u00e7\u00e3o Lato Sensu em Educa\u00e7\u00e3o do Campo 2019"},"content":{"rendered":"<p style=\"text-align: justify\">O Reitor do Instituto Federal de Educa\u00e7\u00e3o, Ci\u00eancia e Tecnologia Baiano (IF Baiano) no uso de suas atribui\u00e7\u00f5es legais torna p\u00fablica as normas que regem o processo de sele\u00e7\u00e3o para ingresso no Curso de P\u00f3s-Gradua\u00e7\u00e3o <em>Lato Sensu<\/em> em Educa\u00e7\u00e3o do Campo, no \u00e2mbito do <em>Campus<\/em> Bom Jesus da Lapa, de acordo com o edital n\u00b0 07\/2019, de&nbsp;<span id=\"OBJ_PREFIX_DWT79_com_zimbra_date\" class=\"Object\">18 de janeiro<\/span>&nbsp;de 2019.<br \/>\nAs inscri\u00e7\u00f5es ocorrer\u00e3o entre os dias&nbsp;<span id=\"OBJ_PREFIX_DWT80_com_zimbra_date\" class=\"Object\">28\/01\/2019<\/span>&nbsp;e&nbsp;<span id=\"OBJ_PREFIX_DWT81_com_zimbra_date\" class=\"Object\">22\/02\/2019<\/span>, e ser\u00e3o ofertadas 40 (quarenta) vagas.<\/p>\n<p style=\"text-align: justify\"><a href=\"http:\/\/concurso.ifbaiano.edu.br\/portal\/pos-educacao-educacaodocampo-bomjesusdalapa-janeiro-2019\/\" target=\"_blank\" rel=\"noopener\">Link do processo<\/a><\/p>\n<p><a href=\"https:\/\/docs.google.com\/forms\/d\/e\/1FAIpQLSexqNge4aLcdzekst7WyU-Zt6ahfl5CEv9gaXErq1D6543MCg\/viewform?vc=0&amp;c=0&amp;w=1\" target=\"_blank\" rel=\"noopener\">Formul\u00e1rio de Inscri\u00e7\u00e3o<\/a><\/p>\n","protected":false},"excerpt":{"rendered":"<p>O Reitor do Instituto Federal de Educa\u00e7\u00e3o, Ci\u00eancia e Tecnologia Baiano (IF Baiano) no uso de suas atribui\u00e7\u00f5es legais torna p\u00fablica as normas que regem o processo de sele\u00e7\u00e3o para ingresso no Curso de P\u00f3s-Gradua\u00e7\u00e3o Lato Sensu em Educa\u00e7\u00e3o do Campo, no \u00e2mbito do Campus Bom Jesus da Lapa, de acordo com o edital n\u00b0 [&hellip;]<\/p>\n","protected":false},"author":100,"featured_media":0,"comment_status":"open","ping_status":"open","sticky":false,"template":"","format":"standard","meta":[],"categories":[64,39,71,24,73,65],"tags":[],"_links":{"self":[{"href":"https:\/\/www.ifbaiano.edu.br\/unidades\/lapa\/wp-json\/wp\/v2\/posts\/11782"}],"collection":[{"href":"https:\/\/www.ifbaiano.edu.br\/unidades\/lapa\/wp-json\/wp\/v2\/posts"}],"about":[{"href":"https:\/\/www.ifbaiano.edu.br\/unidades\/lapa\/wp-json\/wp\/v2\/types\/post"}],"author":[{"embeddable":true,"href":"https:\/\/www.ifbaiano.edu.br\/unidades\/lapa\/wp-json\/wp\/v2\/users\/100"}],"replies":[{"embeddable":true,"href":"https:\/\/www.ifbaiano.edu.br\/unidades\/lapa\/wp-json\/wp\/v2\/comments?post=11782"}],"version-history":[{"count":7,"href":"https:\/\/www.ifbaiano.edu.br\/unidades\/lapa\/wp-json\/wp\/v2\/posts\/11782\/revisions"}],"predecessor-version":[{"id":26939,"href":"https:\/\/www.ifbaiano.edu.br\/unidades\/lapa\/wp-json\/wp\/v2\/posts\/11782\/revisions\/26939"}],"wp:attachment":[{"href":"https:\/\/www.ifbaiano.edu.br\/unidades\/lapa\/wp-json\/wp\/v2\/media?parent=11782"}],"wp:term":[{"taxonomy":"category","embeddable":true,"href":"https:\/\/www.ifbaiano.edu.br\/unidades\/lapa\/wp-json\/wp\/v2\/categories?post=11782"},{"taxonomy":"post_tag","embeddable":true,"href":"https:\/\/www.ifbaiano.edu.br\/unidades\/lapa\/wp-json\/wp\/v2\/tags?post=11782"}],"curies":[{"name":"wp","href":"https:\/\/api.w.org\/{rel}","templated":true}]}}