{"id":11794,"date":"2019-01-30T21:38:32","date_gmt":"2019-01-31T00:38:32","guid":{"rendered":"http:\/\/www.ifbaiano.edu.br\/unidades\/lapa\/?p=11794"},"modified":"2019-01-31T21:37:10","modified_gmt":"2019-02-01T00:37:10","slug":"prorrogacao-de-inscricao-para-pos-graduacao-em-educacao-matematica","status":"publish","type":"post","link":"https:\/\/www.ifbaiano.edu.br\/unidades\/lapa\/2019\/01\/30\/prorrogacao-de-inscricao-para-pos-graduacao-em-educacao-matematica\/","title":{"rendered":"Prorroga\u00e7\u00e3o de inscri\u00e7\u00e3o para P\u00f3s-gradua\u00e7\u00e3o em Educa\u00e7\u00e3o Matem\u00e1tica"},"content":{"rendered":"<p style=\"text-align: justify\">O per\u00edodo de inscri\u00e7\u00f5es para a sele\u00e7\u00e3o do curso de P\u00f3s-Gradua\u00e7\u00e3o <i>lato sensu<\/i> em Educa\u00e7\u00e3o Matem\u00e1tica foi <strong>prorrogado at\u00e9 15 de fevereiro de 2019<\/strong> conforme <a href=\"http:\/\/www.ifbaiano.edu.br\/unidades\/lapa\/files\/2019\/01\/POS-GRADUA\u00c7AO_LAPA-_-MATEMATICA-PRORROGACAO_INSCRICOES.pdf\" target=\"_blank\">Novo Cronograma<\/a>.<\/p>\n<p><img decoding=\"async\" src=\"http:\/\/www.ifbaiano.edu.br\/unidades\/lapa\/files\/2019\/01\/Cartaz_de_prorrogacao_2019.png\" alt=\"Edital P\u00f3s-Gradua\u00e7\u00e3o em Educa\u00e7\u00e3o Matem\u00e1tica\" \/><\/p>\n","protected":false},"excerpt":{"rendered":"<p>O per\u00edodo de inscri\u00e7\u00f5es para a sele\u00e7\u00e3o do curso de P\u00f3s-Gradua\u00e7\u00e3o lato sensu em Educa\u00e7\u00e3o Matem\u00e1tica foi prorrogado at\u00e9 15 de fevereiro de 2019 conforme Novo Cronograma.<\/p>\n","protected":false},"author":100,"featured_media":11799,"comment_status":"open","ping_status":"open","sticky":false,"template":"","format":"standard","meta":[],"categories":[64,39,71,24,73,65],"tags":[],"_links":{"self":[{"href":"https:\/\/www.ifbaiano.edu.br\/unidades\/lapa\/wp-json\/wp\/v2\/posts\/11794"}],"collection":[{"href":"https:\/\/www.ifbaiano.edu.br\/unidades\/lapa\/wp-json\/wp\/v2\/posts"}],"about":[{"href":"https:\/\/www.ifbaiano.edu.br\/unidades\/lapa\/wp-json\/wp\/v2\/types\/post"}],"author":[{"embeddable":true,"href":"https:\/\/www.ifbaiano.edu.br\/unidades\/lapa\/wp-json\/wp\/v2\/users\/100"}],"replies":[{"embeddable":true,"href":"https:\/\/www.ifbaiano.edu.br\/unidades\/lapa\/wp-json\/wp\/v2\/comments?post=11794"}],"version-history":[{"count":5,"href":"https:\/\/www.ifbaiano.edu.br\/unidades\/lapa\/wp-json\/wp\/v2\/posts\/11794\/revisions"}],"predecessor-version":[{"id":11803,"href":"https:\/\/www.ifbaiano.edu.br\/unidades\/lapa\/wp-json\/wp\/v2\/posts\/11794\/revisions\/11803"}],"wp:featuredmedia":[{"embeddable":true,"href":"https:\/\/www.ifbaiano.edu.br\/unidades\/lapa\/wp-json\/wp\/v2\/media\/11799"}],"wp:attachment":[{"href":"https:\/\/www.ifbaiano.edu.br\/unidades\/lapa\/wp-json\/wp\/v2\/media?parent=11794"}],"wp:term":[{"taxonomy":"category","embeddable":true,"href":"https:\/\/www.ifbaiano.edu.br\/unidades\/lapa\/wp-json\/wp\/v2\/categories?post=11794"},{"taxonomy":"post_tag","embeddable":true,"href":"https:\/\/www.ifbaiano.edu.br\/unidades\/lapa\/wp-json\/wp\/v2\/tags?post=11794"}],"curies":[{"name":"wp","href":"https:\/\/api.w.org\/{rel}","templated":true}]}}