{"id":11825,"date":"2019-02-11T15:56:07","date_gmt":"2019-02-11T18:56:07","guid":{"rendered":"http:\/\/www.ifbaiano.edu.br\/unidades\/lapa\/?p=11825"},"modified":"2019-02-11T15:57:29","modified_gmt":"2019-02-11T18:57:29","slug":"campus-bom-jesus-da-lapa-inicia-o-ano-letivo-2019","status":"publish","type":"post","link":"https:\/\/www.ifbaiano.edu.br\/unidades\/lapa\/2019\/02\/11\/campus-bom-jesus-da-lapa-inicia-o-ano-letivo-2019\/","title":{"rendered":"Campus Bom Jesus da Lapa inicia o ano letivo 2019"},"content":{"rendered":"<p style=\"text-align: justify\">Com a presen\u00e7a de alunos veteranos, calouros e familiares, o Campus Bom Jesus da Lapa deu in\u00edcio \u00e0s atividades letivas do ano de 2019, dos cursos t\u00e9cnicos integrados e subsequentes. Ao longo de todo o dia 11 de fevereiro, os alunos participaram da recep\u00e7\u00e3o que contemplou mesa de abertura, apresenta\u00e7\u00e3o musical e teatral, lanche, apresenta\u00e7\u00e3o da equipe e visita \u00e0s instala\u00e7\u00f5es. A programa\u00e7\u00e3o segue durante a semana, com a realiza\u00e7\u00e3o de discuss\u00f5es do regimento estudantil, normatiza\u00e7\u00e3o did\u00e1tico-pedag\u00f3gica, apresenta\u00e7\u00e3o dos coordenadores de curso e setores, bem como a realiza\u00e7\u00e3o de atividades diagn\u00f3sticas.<\/p>\n<p style=\"text-align: justify\">Fonte: NUAPE &#8211; N\u00facleo de Apoio ao Processo de Ensino Aprendizagem<\/p>\n<p><img decoding=\"async\" loading=\"lazy\" class=\"alignnone size-full wp-image-11826\" src=\"http:\/\/www.ifbaiano.edu.br\/unidades\/lapa\/files\/2019\/02\/IMG_7160.jpg\" alt=\"IMG_7160\" width=\"3456\" height=\"2304\" \/> <img decoding=\"async\" loading=\"lazy\" class=\"alignnone size-medium wp-image-11827\" src=\"http:\/\/www.ifbaiano.edu.br\/unidades\/lapa\/files\/2019\/02\/IMG_7166.jpg\" alt=\"IMG_7166\" width=\"300\" height=\"200\" \/> <img decoding=\"async\" loading=\"lazy\" class=\"alignnone size-medium wp-image-11828\" src=\"http:\/\/www.ifbaiano.edu.br\/unidades\/lapa\/files\/2019\/02\/IMG_7170.jpg\" alt=\"IMG_7170\" width=\"300\" height=\"200\" \/> <img decoding=\"async\" loading=\"lazy\" class=\"alignnone size-medium wp-image-11829\" src=\"http:\/\/www.ifbaiano.edu.br\/unidades\/lapa\/files\/2019\/02\/IMG_7172.jpg\" alt=\"IMG_7172\" width=\"300\" height=\"200\" \/> <img decoding=\"async\" loading=\"lazy\" class=\"alignnone size-medium wp-image-11830\" src=\"http:\/\/www.ifbaiano.edu.br\/unidades\/lapa\/files\/2019\/02\/IMG_7193.jpg\" alt=\"IMG_7193\" width=\"300\" height=\"200\" \/> <img decoding=\"async\" loading=\"lazy\" class=\"alignnone size-medium wp-image-11831\" src=\"http:\/\/www.ifbaiano.edu.br\/unidades\/lapa\/files\/2019\/02\/IMG_7200.jpg\" alt=\"IMG_7200\" width=\"300\" height=\"200\" \/> <img decoding=\"async\" loading=\"lazy\" class=\"alignnone size-medium wp-image-11832\" src=\"http:\/\/www.ifbaiano.edu.br\/unidades\/lapa\/files\/2019\/02\/IMG_7201.jpg\" alt=\"IMG_7201\" width=\"300\" height=\"200\" \/> <img decoding=\"async\" loading=\"lazy\" class=\"alignnone size-medium wp-image-11833\" src=\"http:\/\/www.ifbaiano.edu.br\/unidades\/lapa\/files\/2019\/02\/IMG_7208.jpg\" alt=\"IMG_7208\" width=\"300\" height=\"200\" \/> <img decoding=\"async\" loading=\"lazy\" class=\"alignnone size-medium wp-image-11834\" src=\"http:\/\/www.ifbaiano.edu.br\/unidades\/lapa\/files\/2019\/02\/IMG_7209.jpg\" alt=\"IMG_7209\" width=\"300\" height=\"200\" \/> <img decoding=\"async\" loading=\"lazy\" class=\"alignnone size-medium wp-image-11835\" src=\"http:\/\/www.ifbaiano.edu.br\/unidades\/lapa\/files\/2019\/02\/IMG_7217.jpg\" alt=\"IMG_7217\" width=\"300\" height=\"200\" \/> <img decoding=\"async\" loading=\"lazy\" class=\"alignnone size-medium wp-image-11836\" src=\"http:\/\/www.ifbaiano.edu.br\/unidades\/lapa\/files\/2019\/02\/IMG_7218.jpg\" alt=\"IMG_7218\" width=\"300\" height=\"200\" \/> <img decoding=\"async\" loading=\"lazy\" class=\"alignnone size-medium wp-image-11837\" src=\"http:\/\/www.ifbaiano.edu.br\/unidades\/lapa\/files\/2019\/02\/IMG_7222.jpg\" alt=\"IMG_7222\" width=\"300\" height=\"200\" \/> <img decoding=\"async\" loading=\"lazy\" class=\"alignnone size-medium wp-image-11838\" src=\"http:\/\/www.ifbaiano.edu.br\/unidades\/lapa\/files\/2019\/02\/IMG_7251.jpg\" alt=\"IMG_7251\" width=\"300\" height=\"200\" \/> <img decoding=\"async\" loading=\"lazy\" class=\"alignnone size-medium wp-image-11839\" src=\"http:\/\/www.ifbaiano.edu.br\/unidades\/lapa\/files\/2019\/02\/IMG_7259.jpg\" alt=\"IMG_7259\" width=\"300\" height=\"200\" \/> <img decoding=\"async\" loading=\"lazy\" class=\"alignnone size-medium wp-image-11840\" src=\"http:\/\/www.ifbaiano.edu.br\/unidades\/lapa\/files\/2019\/02\/IMG_7275.jpg\" alt=\"IMG_7275\" width=\"300\" height=\"200\" \/> <img decoding=\"async\" loading=\"lazy\" class=\"alignnone size-medium wp-image-11841\" src=\"http:\/\/www.ifbaiano.edu.br\/unidades\/lapa\/files\/2019\/02\/IMG_7281.jpg\" alt=\"IMG_7281\" width=\"300\" height=\"200\" \/> <img decoding=\"async\" loading=\"lazy\" class=\"alignnone size-medium wp-image-11842\" src=\"http:\/\/www.ifbaiano.edu.br\/unidades\/lapa\/files\/2019\/02\/IMG_7285.jpg\" alt=\"IMG_7285\" width=\"300\" height=\"200\" \/> <img decoding=\"async\" loading=\"lazy\" class=\"alignnone size-medium wp-image-11843\" src=\"http:\/\/www.ifbaiano.edu.br\/unidades\/lapa\/files\/2019\/02\/IMG_7287.jpg\" alt=\"IMG_7287\" width=\"300\" height=\"200\" \/> <img decoding=\"async\" loading=\"lazy\" class=\"alignnone size-medium wp-image-11844\" src=\"http:\/\/www.ifbaiano.edu.br\/unidades\/lapa\/files\/2019\/02\/IMG_7290.jpg\" alt=\"IMG_7290\" width=\"300\" height=\"200\" \/> <img decoding=\"async\" loading=\"lazy\" class=\"alignnone size-medium wp-image-11845\" src=\"http:\/\/www.ifbaiano.edu.br\/unidades\/lapa\/files\/2019\/02\/IMG_7292.jpg\" alt=\"IMG_7292\" width=\"300\" height=\"200\" \/> <img decoding=\"async\" loading=\"lazy\" class=\"alignnone size-medium wp-image-11846\" src=\"http:\/\/www.ifbaiano.edu.br\/unidades\/lapa\/files\/2019\/02\/IMG_7307.jpg\" alt=\"IMG_7307\" width=\"300\" height=\"200\" \/> <img decoding=\"async\" loading=\"lazy\" class=\"alignnone size-medium wp-image-11847\" src=\"http:\/\/www.ifbaiano.edu.br\/unidades\/lapa\/files\/2019\/02\/IMG_7316.jpg\" alt=\"IMG_7316\" width=\"300\" height=\"200\" \/><\/p>\n","protected":false},"excerpt":{"rendered":"<p>Com a presen\u00e7a de alunos veteranos, calouros e familiares, o Campus Bom Jesus da Lapa deu in\u00edcio \u00e0s atividades letivas do ano de 2019, dos cursos t\u00e9cnicos integrados e subsequentes. Ao longo de todo o dia 11 de fevereiro, os alunos participaram da recep\u00e7\u00e3o que contemplou mesa de abertura, apresenta\u00e7\u00e3o musical e teatral, lanche, apresenta\u00e7\u00e3o [&hellip;]<\/p>\n","protected":false},"author":100,"featured_media":0,"comment_status":"open","ping_status":"open","sticky":false,"template":"","format":"standard","meta":[],"categories":[64,39,24,65],"tags":[],"_links":{"self":[{"href":"https:\/\/www.ifbaiano.edu.br\/unidades\/lapa\/wp-json\/wp\/v2\/posts\/11825"}],"collection":[{"href":"https:\/\/www.ifbaiano.edu.br\/unidades\/lapa\/wp-json\/wp\/v2\/posts"}],"about":[{"href":"https:\/\/www.ifbaiano.edu.br\/unidades\/lapa\/wp-json\/wp\/v2\/types\/post"}],"author":[{"embeddable":true,"href":"https:\/\/www.ifbaiano.edu.br\/unidades\/lapa\/wp-json\/wp\/v2\/users\/100"}],"replies":[{"embeddable":true,"href":"https:\/\/www.ifbaiano.edu.br\/unidades\/lapa\/wp-json\/wp\/v2\/comments?post=11825"}],"version-history":[{"count":1,"href":"https:\/\/www.ifbaiano.edu.br\/unidades\/lapa\/wp-json\/wp\/v2\/posts\/11825\/revisions"}],"predecessor-version":[{"id":11848,"href":"https:\/\/www.ifbaiano.edu.br\/unidades\/lapa\/wp-json\/wp\/v2\/posts\/11825\/revisions\/11848"}],"wp:attachment":[{"href":"https:\/\/www.ifbaiano.edu.br\/unidades\/lapa\/wp-json\/wp\/v2\/media?parent=11825"}],"wp:term":[{"taxonomy":"category","embeddable":true,"href":"https:\/\/www.ifbaiano.edu.br\/unidades\/lapa\/wp-json\/wp\/v2\/categories?post=11825"},{"taxonomy":"post_tag","embeddable":true,"href":"https:\/\/www.ifbaiano.edu.br\/unidades\/lapa\/wp-json\/wp\/v2\/tags?post=11825"}],"curies":[{"name":"wp","href":"https:\/\/api.w.org\/{rel}","templated":true}]}}