{"id":11878,"date":"2019-02-19T14:29:48","date_gmt":"2019-02-19T17:29:48","guid":{"rendered":"http:\/\/www.ifbaiano.edu.br\/unidades\/lapa\/?p=11878"},"modified":"2019-02-19T17:19:13","modified_gmt":"2019-02-19T20:19:13","slug":"terceira-chamada-de-matriculas-do-processo-de-ingresso-de-estudantes-em-2019","status":"publish","type":"post","link":"https:\/\/www.ifbaiano.edu.br\/unidades\/lapa\/2019\/02\/19\/terceira-chamada-de-matriculas-do-processo-de-ingresso-de-estudantes-em-2019\/","title":{"rendered":"Terceira Chamada de Matr\u00edculas do Processo de Ingresso de Estudantes em 2019"},"content":{"rendered":"<p style=\"text-align: justify\">O Diretor-Geral Substituto do Instituto Federal de Educa\u00e7\u00e3o Ci\u00eancia e Tecnologia Baiano &#8211;<em> Campus<\/em> Bom Jesus da Lapa, resolve:<\/p>\n<p style=\"text-align: justify\">Convocar em terceira chamada, para efetiva\u00e7\u00e3o de matr\u00edcula, candidato aprovado no Processo Seletivo de Ingresso de Estudantes em 2019, conforme <a href=\"http:\/\/www.ifbaiano.edu.br\/unidades\/lapa\/files\/2019\/02\/TERCEIRA_CHAMADA_DE-MATRICULA_-2019_-_CURSOS-INTEGRADOS.pdf\" target=\"_blank\">edital<\/a>.<\/p>\n<p style=\"text-align: justify\">\n","protected":false},"excerpt":{"rendered":"<p>O Diretor-Geral Substituto do Instituto Federal de Educa\u00e7\u00e3o Ci\u00eancia e Tecnologia Baiano &#8211; Campus Bom Jesus da Lapa, resolve: Convocar em terceira chamada, para efetiva\u00e7\u00e3o de matr\u00edcula, candidato aprovado no Processo Seletivo de Ingresso de Estudantes em 2019, conforme edital.<\/p>\n","protected":false},"author":100,"featured_media":0,"comment_status":"open","ping_status":"open","sticky":false,"template":"","format":"standard","meta":[],"categories":[64,24,73,65],"tags":[],"_links":{"self":[{"href":"https:\/\/www.ifbaiano.edu.br\/unidades\/lapa\/wp-json\/wp\/v2\/posts\/11878"}],"collection":[{"href":"https:\/\/www.ifbaiano.edu.br\/unidades\/lapa\/wp-json\/wp\/v2\/posts"}],"about":[{"href":"https:\/\/www.ifbaiano.edu.br\/unidades\/lapa\/wp-json\/wp\/v2\/types\/post"}],"author":[{"embeddable":true,"href":"https:\/\/www.ifbaiano.edu.br\/unidades\/lapa\/wp-json\/wp\/v2\/users\/100"}],"replies":[{"embeddable":true,"href":"https:\/\/www.ifbaiano.edu.br\/unidades\/lapa\/wp-json\/wp\/v2\/comments?post=11878"}],"version-history":[{"count":1,"href":"https:\/\/www.ifbaiano.edu.br\/unidades\/lapa\/wp-json\/wp\/v2\/posts\/11878\/revisions"}],"predecessor-version":[{"id":11880,"href":"https:\/\/www.ifbaiano.edu.br\/unidades\/lapa\/wp-json\/wp\/v2\/posts\/11878\/revisions\/11880"}],"wp:attachment":[{"href":"https:\/\/www.ifbaiano.edu.br\/unidades\/lapa\/wp-json\/wp\/v2\/media?parent=11878"}],"wp:term":[{"taxonomy":"category","embeddable":true,"href":"https:\/\/www.ifbaiano.edu.br\/unidades\/lapa\/wp-json\/wp\/v2\/categories?post=11878"},{"taxonomy":"post_tag","embeddable":true,"href":"https:\/\/www.ifbaiano.edu.br\/unidades\/lapa\/wp-json\/wp\/v2\/tags?post=11878"}],"curies":[{"name":"wp","href":"https:\/\/api.w.org\/{rel}","templated":true}]}}