{"id":11906,"date":"2019-02-22T08:34:17","date_gmt":"2019-02-22T11:34:17","guid":{"rendered":"http:\/\/www.ifbaiano.edu.br\/unidades\/lapa\/?p=11906"},"modified":"2019-02-22T08:34:43","modified_gmt":"2019-02-22T11:34:43","slug":"coordenacao-de-agronomia-promovera-curso-sobre-curriculo-lattes-para-alunos","status":"publish","type":"post","link":"https:\/\/www.ifbaiano.edu.br\/unidades\/lapa\/2019\/02\/22\/coordenacao-de-agronomia-promovera-curso-sobre-curriculo-lattes-para-alunos\/","title":{"rendered":"Coordena\u00e7\u00e3o de Agronomia promover\u00e1 curso sobre curr\u00edculo lattes para alunos"},"content":{"rendered":"<p style=\"text-align: justify\">Os alunos interessados em criar ou alimentar o seu curr\u00edculo lattes, poder\u00e3o participar de uma oficina que acontecer\u00e1 no pr\u00f3ximo dia\u00a0<span id=\"OBJ_PREFIX_DWT205_com_zimbra_date\" class=\"Object\"><span id=\"OBJ_PREFIX_DWT207_com_zimbra_date\" class=\"Object\">22 de mar<\/span><\/span>\u00e7o de 2019. As inscri\u00e7\u00f5es ser\u00e3o realizadas mediante o preenchimento do link abaixo:<\/p>\n<p style=\"text-align: justify\"><a href=\"https:\/\/docs.google.com\/forms\/d\/1pbt57_kYZFih0T37Bnspn4_p26kEl5mmYaz7sJya7V0\/edit\" target=\"_blank\"> OFICINA SOBRE CURR\u00cdCULO LATTES<\/a><\/p>\n","protected":false},"excerpt":{"rendered":"<p>Os alunos interessados em criar ou alimentar o seu curr\u00edculo lattes, poder\u00e3o participar de uma oficina que acontecer\u00e1 no pr\u00f3ximo dia\u00a022 de mar\u00e7o de 2019. As inscri\u00e7\u00f5es ser\u00e3o realizadas mediante o preenchimento do link abaixo: OFICINA SOBRE CURR\u00cdCULO LATTES<\/p>\n","protected":false},"author":100,"featured_media":0,"comment_status":"open","ping_status":"open","sticky":false,"template":"","format":"standard","meta":[],"categories":[64,24,65],"tags":[],"_links":{"self":[{"href":"https:\/\/www.ifbaiano.edu.br\/unidades\/lapa\/wp-json\/wp\/v2\/posts\/11906"}],"collection":[{"href":"https:\/\/www.ifbaiano.edu.br\/unidades\/lapa\/wp-json\/wp\/v2\/posts"}],"about":[{"href":"https:\/\/www.ifbaiano.edu.br\/unidades\/lapa\/wp-json\/wp\/v2\/types\/post"}],"author":[{"embeddable":true,"href":"https:\/\/www.ifbaiano.edu.br\/unidades\/lapa\/wp-json\/wp\/v2\/users\/100"}],"replies":[{"embeddable":true,"href":"https:\/\/www.ifbaiano.edu.br\/unidades\/lapa\/wp-json\/wp\/v2\/comments?post=11906"}],"version-history":[{"count":1,"href":"https:\/\/www.ifbaiano.edu.br\/unidades\/lapa\/wp-json\/wp\/v2\/posts\/11906\/revisions"}],"predecessor-version":[{"id":11907,"href":"https:\/\/www.ifbaiano.edu.br\/unidades\/lapa\/wp-json\/wp\/v2\/posts\/11906\/revisions\/11907"}],"wp:attachment":[{"href":"https:\/\/www.ifbaiano.edu.br\/unidades\/lapa\/wp-json\/wp\/v2\/media?parent=11906"}],"wp:term":[{"taxonomy":"category","embeddable":true,"href":"https:\/\/www.ifbaiano.edu.br\/unidades\/lapa\/wp-json\/wp\/v2\/categories?post=11906"},{"taxonomy":"post_tag","embeddable":true,"href":"https:\/\/www.ifbaiano.edu.br\/unidades\/lapa\/wp-json\/wp\/v2\/tags?post=11906"}],"curies":[{"name":"wp","href":"https:\/\/api.w.org\/{rel}","templated":true}]}}