{"id":11935,"date":"2019-02-26T12:41:15","date_gmt":"2019-02-26T15:41:15","guid":{"rendered":"http:\/\/www.ifbaiano.edu.br\/unidades\/lapa\/?p=11935"},"modified":"2019-02-26T14:21:25","modified_gmt":"2019-02-26T17:21:25","slug":"suspensao-temporaria-das-atividades-pedagogicas-e-administrativas-no-campus-bom-jesus-da-lapa","status":"publish","type":"post","link":"https:\/\/www.ifbaiano.edu.br\/unidades\/lapa\/2019\/02\/26\/suspensao-temporaria-das-atividades-pedagogicas-e-administrativas-no-campus-bom-jesus-da-lapa\/","title":{"rendered":"Suspens\u00e3o tempor\u00e1ria das Atividades Pedag\u00f3gicas e Administrativas no C\u00e2mpus Bom Jesus da Lapa"},"content":{"rendered":"<p style=\"text-align: justify\">Informamos \u00e0 Comunidade Acad\u00eamica que as atividades pedag\u00f3gicas e administrativas foram suspensas no C\u00e2mpus Bom Jesus da Lapa, a partir das 10h de hoje, 26\/02\/19, devido \u00e0 falta de energia el\u00e9trica, conforme <a href=\"http:\/\/www.ifbaiano.edu.br\/unidades\/lapa\/files\/2019\/02\/Oficio_Circular_03-2019-DG-Campus_BJL.pdf\" target=\"_blank\">OF\u00cdCIO CIRCULAR N\u00ba 03\/2019\/GAB\/C\u00c2MPUS BJL\/IF BAIANO<\/a>.<br \/>\nT\u00e3o logo sejam normalizados o fornecimento de energia el\u00e9trica e retorno do abastecimento de \u00e1gua, informaremos \u00e0 Comunidade Acad\u00eamica local atrav\u00e9s do site e e-mail institucionais, bem como atrav\u00e9s das redes sociais do C\u00e2mpus.<\/p>\n<p style=\"text-align: justify\">Fonte: Gabinete<\/p>\n","protected":false},"excerpt":{"rendered":"<p>Informamos \u00e0 Comunidade Acad\u00eamica que as atividades pedag\u00f3gicas e administrativas foram suspensas no C\u00e2mpus Bom Jesus da Lapa, a partir das 10h de hoje, 26\/02\/19, devido \u00e0 falta de energia el\u00e9trica, conforme OF\u00cdCIO CIRCULAR N\u00ba 03\/2019\/GAB\/C\u00c2MPUS BJL\/IF BAIANO. T\u00e3o logo sejam normalizados o fornecimento de energia el\u00e9trica e retorno do abastecimento de \u00e1gua, informaremos \u00e0 [&hellip;]<\/p>\n","protected":false},"author":100,"featured_media":0,"comment_status":"open","ping_status":"open","sticky":false,"template":"","format":"standard","meta":[],"categories":[64,24,65],"tags":[],"_links":{"self":[{"href":"https:\/\/www.ifbaiano.edu.br\/unidades\/lapa\/wp-json\/wp\/v2\/posts\/11935"}],"collection":[{"href":"https:\/\/www.ifbaiano.edu.br\/unidades\/lapa\/wp-json\/wp\/v2\/posts"}],"about":[{"href":"https:\/\/www.ifbaiano.edu.br\/unidades\/lapa\/wp-json\/wp\/v2\/types\/post"}],"author":[{"embeddable":true,"href":"https:\/\/www.ifbaiano.edu.br\/unidades\/lapa\/wp-json\/wp\/v2\/users\/100"}],"replies":[{"embeddable":true,"href":"https:\/\/www.ifbaiano.edu.br\/unidades\/lapa\/wp-json\/wp\/v2\/comments?post=11935"}],"version-history":[{"count":4,"href":"https:\/\/www.ifbaiano.edu.br\/unidades\/lapa\/wp-json\/wp\/v2\/posts\/11935\/revisions"}],"predecessor-version":[{"id":11940,"href":"https:\/\/www.ifbaiano.edu.br\/unidades\/lapa\/wp-json\/wp\/v2\/posts\/11935\/revisions\/11940"}],"wp:attachment":[{"href":"https:\/\/www.ifbaiano.edu.br\/unidades\/lapa\/wp-json\/wp\/v2\/media?parent=11935"}],"wp:term":[{"taxonomy":"category","embeddable":true,"href":"https:\/\/www.ifbaiano.edu.br\/unidades\/lapa\/wp-json\/wp\/v2\/categories?post=11935"},{"taxonomy":"post_tag","embeddable":true,"href":"https:\/\/www.ifbaiano.edu.br\/unidades\/lapa\/wp-json\/wp\/v2\/tags?post=11935"}],"curies":[{"name":"wp","href":"https:\/\/api.w.org\/{rel}","templated":true}]}}