{"id":1194,"date":"2013-07-12T17:11:20","date_gmt":"2013-07-12T19:11:20","guid":{"rendered":"http:\/\/www.ifbaiano.edu.br\/unidades\/lapa\/?p=1194"},"modified":"2013-07-12T17:13:56","modified_gmt":"2013-07-12T19:13:56","slug":"selecao-de-tutores-para-o-curso-de-propriedade-intelectual-e-inovacao","status":"publish","type":"post","link":"https:\/\/www.ifbaiano.edu.br\/unidades\/lapa\/2013\/07\/12\/selecao-de-tutores-para-o-curso-de-propriedade-intelectual-e-inovacao\/","title":{"rendered":"Sele\u00e7\u00e3o de tutores para o curso de Propriedade Intelectual e Inova\u00e7\u00e3o"},"content":{"rendered":"<p align=\"JUSTIFY\">Inscri\u00e7\u00f5es at\u00e9 dia 17\/01\/2013.<\/p>\n<p align=\"JUSTIFY\"><!--more--><\/p>\n<p align=\"JUSTIFY\">Est\u00e3o abertas as inscri\u00e7\u00f5es para a sele\u00e7\u00e3o de\u00a0<strong>01 (um)<\/strong>\u00a0servidor por<em>\u00a0campus<\/em>\u00a0do IF Baiano para atuar como tutor do curso de P\u00f3s-Gradua\u00e7\u00e3o<em>\u00a0Lato Sensu<\/em>\u00a0em Propriedade Intelectual e Inova\u00e7\u00e3o, na modalidade Educa\u00e7\u00e3o a Dist\u00e2ncia (EAD).<\/p>\n<p align=\"JUSTIFY\">O curso tem a dura\u00e7\u00e3o de 18 meses e a bolsa \u00e9 de R$ \u00a01.100. Para se inscrever, \u00e9 preciso preencher o anexo 2 do edital, escanear e enviar, juntamente com o curr\u00edculo lattes, para o e-mail prpi@ifbaiano.edu.br.<\/p>\n<p align=\"JUSTIFY\">As inscri\u00e7\u00f5es s\u00e3o gratuitas e ser\u00e3o realizadas\u00a0<strong>at\u00e9\u00a0quarta-feira (17\/07\/2013)<\/strong>. Confira, a seguir, o <a href=\"http:\/\/www.ifbaiano.edu.br\/reitoria\/wp-content\/uploads\/2013\/07\/edital-tutores.pdf\" target=\"_blank\">edital<\/a>.<\/p>\n<p align=\"JUSTIFY\">Para mais informa\u00e7\u00f5es, entre em contato com a Pr\u00f3-Reitoria de Pesquisa, Inova\u00e7\u00e3o e P\u00f3s-Gradua\u00e7\u00e3o (Propes) do IF Baiano pelo telefone\u00a0<a href=\"(71) 3186 0028\">(71) 3186 0028<\/a>.<\/p>\n","protected":false},"excerpt":{"rendered":"<p>Inscri\u00e7\u00f5es at\u00e9 dia 17\/01\/2013.<\/p>\n","protected":false},"author":41,"featured_media":0,"comment_status":"open","ping_status":"open","sticky":false,"template":"","format":"standard","meta":[],"categories":[24],"tags":[],"_links":{"self":[{"href":"https:\/\/www.ifbaiano.edu.br\/unidades\/lapa\/wp-json\/wp\/v2\/posts\/1194"}],"collection":[{"href":"https:\/\/www.ifbaiano.edu.br\/unidades\/lapa\/wp-json\/wp\/v2\/posts"}],"about":[{"href":"https:\/\/www.ifbaiano.edu.br\/unidades\/lapa\/wp-json\/wp\/v2\/types\/post"}],"author":[{"embeddable":true,"href":"https:\/\/www.ifbaiano.edu.br\/unidades\/lapa\/wp-json\/wp\/v2\/users\/41"}],"replies":[{"embeddable":true,"href":"https:\/\/www.ifbaiano.edu.br\/unidades\/lapa\/wp-json\/wp\/v2\/comments?post=1194"}],"version-history":[{"count":4,"href":"https:\/\/www.ifbaiano.edu.br\/unidades\/lapa\/wp-json\/wp\/v2\/posts\/1194\/revisions"}],"predecessor-version":[{"id":1198,"href":"https:\/\/www.ifbaiano.edu.br\/unidades\/lapa\/wp-json\/wp\/v2\/posts\/1194\/revisions\/1198"}],"wp:attachment":[{"href":"https:\/\/www.ifbaiano.edu.br\/unidades\/lapa\/wp-json\/wp\/v2\/media?parent=1194"}],"wp:term":[{"taxonomy":"category","embeddable":true,"href":"https:\/\/www.ifbaiano.edu.br\/unidades\/lapa\/wp-json\/wp\/v2\/categories?post=1194"},{"taxonomy":"post_tag","embeddable":true,"href":"https:\/\/www.ifbaiano.edu.br\/unidades\/lapa\/wp-json\/wp\/v2\/tags?post=1194"}],"curies":[{"name":"wp","href":"https:\/\/api.w.org\/{rel}","templated":true}]}}