{"id":11941,"date":"2019-02-26T16:47:07","date_gmt":"2019-02-26T19:47:07","guid":{"rendered":"http:\/\/www.ifbaiano.edu.br\/unidades\/lapa\/?p=11941"},"modified":"2019-02-26T16:59:27","modified_gmt":"2019-02-26T19:59:27","slug":"retorno-as-atividades-pedagogicas-e-administrativas-no-campus-bom-jesus-da-lapa-2","status":"publish","type":"post","link":"https:\/\/www.ifbaiano.edu.br\/unidades\/lapa\/2019\/02\/26\/retorno-as-atividades-pedagogicas-e-administrativas-no-campus-bom-jesus-da-lapa-2\/","title":{"rendered":"Retorno \u00e0s Atividades Pedag\u00f3gicas e Administrativas no C\u00e2mpus Bom Jesus da Lapa"},"content":{"rendered":"<p>\u00c0 Comunidade Acad\u00eamica,<br \/>\nConforme <a href=\"http:\/\/www.ifbaiano.edu.br\/unidades\/lapa\/files\/2019\/02\/Oficio_Circular_04-2019-DG-Campus_BJL.pdf\" target=\"_blank\">OF\u00cdCIO CIRCULAR N\u00ba 04\/2019\/GAB\/C\u00c2MPUS BJL\/IF BAIANO<\/a>, de 26 de fevereiro de 2019, comunicamos que o fornecimento de energia el\u00e9trica foi restabelecido na rede de transmiss\u00e3o para o nosso C\u00e2mpus, na tarde de hoje (26\/02), como tamb\u00e9m o abastecimento de \u00e1gua.<br \/>\nDessa forma, informamos\u00a0 o retorno \u00e0s atividades pedag\u00f3gicas e administrativas no dia\u00a0 27\/02\/2019.<\/p>\n<p>Fonte: Gabinete<\/p>\n","protected":false},"excerpt":{"rendered":"<p>\u00c0 Comunidade Acad\u00eamica, Conforme OF\u00cdCIO CIRCULAR N\u00ba 04\/2019\/GAB\/C\u00c2MPUS BJL\/IF BAIANO, de 26 de fevereiro de 2019, comunicamos que o fornecimento de energia el\u00e9trica foi restabelecido na rede de transmiss\u00e3o para o nosso C\u00e2mpus, na tarde de hoje (26\/02), como tamb\u00e9m o abastecimento de \u00e1gua. Dessa forma, informamos\u00a0 o retorno \u00e0s atividades pedag\u00f3gicas e administrativas no [&hellip;]<\/p>\n","protected":false},"author":100,"featured_media":0,"comment_status":"open","ping_status":"open","sticky":false,"template":"","format":"standard","meta":[],"categories":[64,24,65],"tags":[],"_links":{"self":[{"href":"https:\/\/www.ifbaiano.edu.br\/unidades\/lapa\/wp-json\/wp\/v2\/posts\/11941"}],"collection":[{"href":"https:\/\/www.ifbaiano.edu.br\/unidades\/lapa\/wp-json\/wp\/v2\/posts"}],"about":[{"href":"https:\/\/www.ifbaiano.edu.br\/unidades\/lapa\/wp-json\/wp\/v2\/types\/post"}],"author":[{"embeddable":true,"href":"https:\/\/www.ifbaiano.edu.br\/unidades\/lapa\/wp-json\/wp\/v2\/users\/100"}],"replies":[{"embeddable":true,"href":"https:\/\/www.ifbaiano.edu.br\/unidades\/lapa\/wp-json\/wp\/v2\/comments?post=11941"}],"version-history":[{"count":3,"href":"https:\/\/www.ifbaiano.edu.br\/unidades\/lapa\/wp-json\/wp\/v2\/posts\/11941\/revisions"}],"predecessor-version":[{"id":11945,"href":"https:\/\/www.ifbaiano.edu.br\/unidades\/lapa\/wp-json\/wp\/v2\/posts\/11941\/revisions\/11945"}],"wp:attachment":[{"href":"https:\/\/www.ifbaiano.edu.br\/unidades\/lapa\/wp-json\/wp\/v2\/media?parent=11941"}],"wp:term":[{"taxonomy":"category","embeddable":true,"href":"https:\/\/www.ifbaiano.edu.br\/unidades\/lapa\/wp-json\/wp\/v2\/categories?post=11941"},{"taxonomy":"post_tag","embeddable":true,"href":"https:\/\/www.ifbaiano.edu.br\/unidades\/lapa\/wp-json\/wp\/v2\/tags?post=11941"}],"curies":[{"name":"wp","href":"https:\/\/api.w.org\/{rel}","templated":true}]}}