{"id":11946,"date":"2019-02-28T14:10:16","date_gmt":"2019-02-28T17:10:16","guid":{"rendered":"http:\/\/www.ifbaiano.edu.br\/unidades\/lapa\/?p=11946"},"modified":"2019-02-28T14:10:16","modified_gmt":"2019-02-28T17:10:16","slug":"o-napne-do-if-baiano-campus-bom-jesus-da-lapa-promovera-um-curso-basico-de-libras-fortalecendo-vinculos-familiares","status":"publish","type":"post","link":"https:\/\/www.ifbaiano.edu.br\/unidades\/lapa\/2019\/02\/28\/o-napne-do-if-baiano-campus-bom-jesus-da-lapa-promovera-um-curso-basico-de-libras-fortalecendo-vinculos-familiares\/","title":{"rendered":"O Napne do IF Baiano Campus Bom Jesus da Lapa promover\u00e1 um Curso B\u00e1sico de Libras: Fortalecendo V\u00ednculos Familiares"},"content":{"rendered":"<div style=\"text-align: justify\">\n<p>O curso B\u00e1sico de Libras: &#8220;Fortalecendo V\u00ednculos Familiares&#8221; tem por objetivo socializar aos familiares, amigos e profissionais que convivem diariamente com pessoas surdas o contexto hist\u00f3rico de lutas e conquistas do povo surdo, assim como, realizar uma introdu\u00e7\u00e3o \u00e0 gramatica da Libras, a fim de que os participantes possam iniciar uma comunica\u00e7\u00e3o com sujeitos surdos, contribuindo para a acessibilidade e inclus\u00e3o dos mesmos no seio familiar e escolar.<\/p>\n<p>Per\u00edodo de inscri\u00e7\u00e3o &#8211; 01 a\u00a0<span id=\"OBJ_PREFIX_DWT699_com_zimbra_date\" class=\"Object\">12 de mar<\/span>\u00e7o de 2019<\/p>\n<p>Quantidade de Vagas &#8211; 30<\/p>\n<p>Per\u00edodo de realiza\u00e7\u00e3o &#8211;\u00a0<span id=\"OBJ_PREFIX_DWT700_com_zimbra_date\" class=\"Object\">12 de Mar<\/span>\u00e7o a\u00a0<span id=\"OBJ_PREFIX_DWT701_com_zimbra_date\" class=\"Object\">16 de Maio<\/span>\u00a0de 2019<\/p>\n<p>O curso ser\u00e1 realizado semanalmente, nas\u00a0<span id=\"OBJ_PREFIX_DWT702_com_zimbra_date\" class=\"Object\">ter<\/span>\u00e7as e quintas, das 19:15 \u00e0s 22:00, no IF Baiano Campus Bom Jesus da Lapa.<\/p>\n<p>Segue Link Para Inscri\u00e7\u00e3o<\/p>\n<\/div>\n<div><span id=\"OBJ_PREFIX_DWT703_com_zimbra_url\" class=\"Object\"><a href=\"https:\/\/docs.google.com\/forms\/d\/e\/1FAIpQLSdIHYVyNXzm8ZrGjj33moo-NESg3mHu1GdmPg8Sg2mf_zuaiw\/viewform\" target=\"_blank\">LINK INSCRI\u00c7\u00c3O<\/a><\/span><\/div>\n<p>Fonte: \u00a0N\u00facleo de Atendimento \u00e0s Pessoas com Necessidades Espec\u00edficas &#8211; NAPNE<\/p>\n","protected":false},"excerpt":{"rendered":"<p>O curso B\u00e1sico de Libras: &#8220;Fortalecendo V\u00ednculos Familiares&#8221; tem por objetivo socializar aos familiares, amigos e profissionais que convivem diariamente com pessoas surdas o contexto hist\u00f3rico de lutas e conquistas do povo surdo, assim como, realizar uma introdu\u00e7\u00e3o \u00e0 gramatica da Libras, a fim de que os participantes possam iniciar uma comunica\u00e7\u00e3o com sujeitos surdos, [&hellip;]<\/p>\n","protected":false},"author":100,"featured_media":0,"comment_status":"open","ping_status":"open","sticky":false,"template":"","format":"standard","meta":[],"categories":[64,24,65],"tags":[],"_links":{"self":[{"href":"https:\/\/www.ifbaiano.edu.br\/unidades\/lapa\/wp-json\/wp\/v2\/posts\/11946"}],"collection":[{"href":"https:\/\/www.ifbaiano.edu.br\/unidades\/lapa\/wp-json\/wp\/v2\/posts"}],"about":[{"href":"https:\/\/www.ifbaiano.edu.br\/unidades\/lapa\/wp-json\/wp\/v2\/types\/post"}],"author":[{"embeddable":true,"href":"https:\/\/www.ifbaiano.edu.br\/unidades\/lapa\/wp-json\/wp\/v2\/users\/100"}],"replies":[{"embeddable":true,"href":"https:\/\/www.ifbaiano.edu.br\/unidades\/lapa\/wp-json\/wp\/v2\/comments?post=11946"}],"version-history":[{"count":2,"href":"https:\/\/www.ifbaiano.edu.br\/unidades\/lapa\/wp-json\/wp\/v2\/posts\/11946\/revisions"}],"predecessor-version":[{"id":11948,"href":"https:\/\/www.ifbaiano.edu.br\/unidades\/lapa\/wp-json\/wp\/v2\/posts\/11946\/revisions\/11948"}],"wp:attachment":[{"href":"https:\/\/www.ifbaiano.edu.br\/unidades\/lapa\/wp-json\/wp\/v2\/media?parent=11946"}],"wp:term":[{"taxonomy":"category","embeddable":true,"href":"https:\/\/www.ifbaiano.edu.br\/unidades\/lapa\/wp-json\/wp\/v2\/categories?post=11946"},{"taxonomy":"post_tag","embeddable":true,"href":"https:\/\/www.ifbaiano.edu.br\/unidades\/lapa\/wp-json\/wp\/v2\/tags?post=11946"}],"curies":[{"name":"wp","href":"https:\/\/api.w.org\/{rel}","templated":true}]}}