{"id":11949,"date":"2019-03-01T13:26:43","date_gmt":"2019-03-01T16:26:43","guid":{"rendered":"http:\/\/www.ifbaiano.edu.br\/unidades\/lapa\/?p=11949"},"modified":"2019-03-01T13:26:43","modified_gmt":"2019-03-01T16:26:43","slug":"prorrogacao-de-inscricoes-pos-graduacao-educacao-do-campo","status":"publish","type":"post","link":"https:\/\/www.ifbaiano.edu.br\/unidades\/lapa\/2019\/03\/01\/prorrogacao-de-inscricoes-pos-graduacao-educacao-do-campo\/","title":{"rendered":"Prorroga\u00e7\u00e3o de inscri\u00e7\u00f5es p\u00f3s-gradua\u00e7\u00e3o Educa\u00e7\u00e3o do Campo"},"content":{"rendered":"<p style=\"text-align: justify\">Foi prorrogado o prazo para inscri\u00e7\u00f5es para\u00a0Processo Seletivo do Curso de P\u00f3s-Gradua\u00e7\u00e3o <em>Lato Sensu<\/em> em Educa\u00e7\u00e3o do Campo para o <em>Campus<\/em> Bom Jesus da Lapa, conforme <a href=\"http:\/\/www.ifbaiano.edu.br\/unidades\/lapa\/files\/2019\/03\/EDITAL_07-2019.pdf\">EDITAL 07\/2019<\/a>.<\/p>\n","protected":false},"excerpt":{"rendered":"<p>Foi prorrogado o prazo para inscri\u00e7\u00f5es para\u00a0Processo Seletivo do Curso de P\u00f3s-Gradua\u00e7\u00e3o Lato Sensu em Educa\u00e7\u00e3o do Campo para o Campus Bom Jesus da Lapa, conforme EDITAL 07\/2019.<\/p>\n","protected":false},"author":100,"featured_media":0,"comment_status":"open","ping_status":"open","sticky":false,"template":"","format":"standard","meta":[],"categories":[64,71,24,73,65],"tags":[],"_links":{"self":[{"href":"https:\/\/www.ifbaiano.edu.br\/unidades\/lapa\/wp-json\/wp\/v2\/posts\/11949"}],"collection":[{"href":"https:\/\/www.ifbaiano.edu.br\/unidades\/lapa\/wp-json\/wp\/v2\/posts"}],"about":[{"href":"https:\/\/www.ifbaiano.edu.br\/unidades\/lapa\/wp-json\/wp\/v2\/types\/post"}],"author":[{"embeddable":true,"href":"https:\/\/www.ifbaiano.edu.br\/unidades\/lapa\/wp-json\/wp\/v2\/users\/100"}],"replies":[{"embeddable":true,"href":"https:\/\/www.ifbaiano.edu.br\/unidades\/lapa\/wp-json\/wp\/v2\/comments?post=11949"}],"version-history":[{"count":1,"href":"https:\/\/www.ifbaiano.edu.br\/unidades\/lapa\/wp-json\/wp\/v2\/posts\/11949\/revisions"}],"predecessor-version":[{"id":11951,"href":"https:\/\/www.ifbaiano.edu.br\/unidades\/lapa\/wp-json\/wp\/v2\/posts\/11949\/revisions\/11951"}],"wp:attachment":[{"href":"https:\/\/www.ifbaiano.edu.br\/unidades\/lapa\/wp-json\/wp\/v2\/media?parent=11949"}],"wp:term":[{"taxonomy":"category","embeddable":true,"href":"https:\/\/www.ifbaiano.edu.br\/unidades\/lapa\/wp-json\/wp\/v2\/categories?post=11949"},{"taxonomy":"post_tag","embeddable":true,"href":"https:\/\/www.ifbaiano.edu.br\/unidades\/lapa\/wp-json\/wp\/v2\/tags?post=11949"}],"curies":[{"name":"wp","href":"https:\/\/api.w.org\/{rel}","templated":true}]}}