{"id":11987,"date":"2019-03-07T09:26:43","date_gmt":"2019-03-07T12:26:43","guid":{"rendered":"http:\/\/www.ifbaiano.edu.br\/unidades\/lapa\/?p=11987"},"modified":"2019-03-07T09:28:59","modified_gmt":"2019-03-07T12:28:59","slug":"abertas-as-inscricoes-para-o-grupo-de-teatro-sertao-em-cores","status":"publish","type":"post","link":"https:\/\/www.ifbaiano.edu.br\/unidades\/lapa\/2019\/03\/07\/abertas-as-inscricoes-para-o-grupo-de-teatro-sertao-em-cores\/","title":{"rendered":"Abertas as inscri\u00e7\u00f5es para o Grupo de Teatro Sert\u00e3o em Cores"},"content":{"rendered":"<p style=\"text-align: justify\">Est\u00e3o abertas, no per\u00edodo de 07 a\u00a0<span id=\"OBJ_PREFIX_DWT323_com_zimbra_date\" class=\"Object\"><span id=\"OBJ_PREFIX_DWT325_com_zimbra_date\" class=\"Object\">13 de mar<\/span><\/span>\u00e7o,\u00a0 as inscri\u00e7\u00f5es para estudantes e membros da comunidade externa interessados em participar do Grupo de Teatro do Campus Bom Jesus da Lapa.<br \/>\nAs atividades do grupo ser\u00e3o realizadas quinzenalmente, \u00e0s sextas-feiras, no per\u00edodo das 14:00 \u00e0s 16:00 horas.<br \/>\nA sele\u00e7\u00e3o ser\u00e1 realizada mediante apresenta\u00e7\u00e3o de uma performance teatral, em data a ser oportunamente divulgada.<br \/>\nMaiores informa\u00e7\u00f5es poder\u00e3o ser obtidas junto aos coordenadores: Junio Batista e Adevanucia Nere.<\/p>\n<div><span id=\"OBJ_PREFIX_DWT324_com_zimbra_url\" class=\"Object\"><span id=\"OBJ_PREFIX_DWT326_com_zimbra_url\" class=\"Object\"><a href=\"https:\/\/docs.google.com\/forms\/d\/1fsBb58opgGTKefrn2eVarHDcbYbjRmFcdfAiPcpJE_I\/edit\" target=\"_blank\">LINK PARA INSCRI\u00c7\u00d5ES<\/a><\/span><\/span><\/div>\n","protected":false},"excerpt":{"rendered":"<p>Est\u00e3o abertas, no per\u00edodo de 07 a\u00a013 de mar\u00e7o,\u00a0 as inscri\u00e7\u00f5es para estudantes e membros da comunidade externa interessados em participar do Grupo de Teatro do Campus Bom Jesus da Lapa. As atividades do grupo ser\u00e3o realizadas quinzenalmente, \u00e0s sextas-feiras, no per\u00edodo das 14:00 \u00e0s 16:00 horas. A sele\u00e7\u00e3o ser\u00e1 realizada mediante apresenta\u00e7\u00e3o de uma [&hellip;]<\/p>\n","protected":false},"author":100,"featured_media":0,"comment_status":"open","ping_status":"open","sticky":false,"template":"","format":"standard","meta":[],"categories":[64,24,65],"tags":[],"_links":{"self":[{"href":"https:\/\/www.ifbaiano.edu.br\/unidades\/lapa\/wp-json\/wp\/v2\/posts\/11987"}],"collection":[{"href":"https:\/\/www.ifbaiano.edu.br\/unidades\/lapa\/wp-json\/wp\/v2\/posts"}],"about":[{"href":"https:\/\/www.ifbaiano.edu.br\/unidades\/lapa\/wp-json\/wp\/v2\/types\/post"}],"author":[{"embeddable":true,"href":"https:\/\/www.ifbaiano.edu.br\/unidades\/lapa\/wp-json\/wp\/v2\/users\/100"}],"replies":[{"embeddable":true,"href":"https:\/\/www.ifbaiano.edu.br\/unidades\/lapa\/wp-json\/wp\/v2\/comments?post=11987"}],"version-history":[{"count":3,"href":"https:\/\/www.ifbaiano.edu.br\/unidades\/lapa\/wp-json\/wp\/v2\/posts\/11987\/revisions"}],"predecessor-version":[{"id":11992,"href":"https:\/\/www.ifbaiano.edu.br\/unidades\/lapa\/wp-json\/wp\/v2\/posts\/11987\/revisions\/11992"}],"wp:attachment":[{"href":"https:\/\/www.ifbaiano.edu.br\/unidades\/lapa\/wp-json\/wp\/v2\/media?parent=11987"}],"wp:term":[{"taxonomy":"category","embeddable":true,"href":"https:\/\/www.ifbaiano.edu.br\/unidades\/lapa\/wp-json\/wp\/v2\/categories?post=11987"},{"taxonomy":"post_tag","embeddable":true,"href":"https:\/\/www.ifbaiano.edu.br\/unidades\/lapa\/wp-json\/wp\/v2\/tags?post=11987"}],"curies":[{"name":"wp","href":"https:\/\/api.w.org\/{rel}","templated":true}]}}