{"id":11999,"date":"2019-03-07T21:17:24","date_gmt":"2019-03-08T00:17:24","guid":{"rendered":"http:\/\/www.ifbaiano.edu.br\/unidades\/lapa\/?p=11999"},"modified":"2019-03-07T21:19:29","modified_gmt":"2019-03-08T00:19:29","slug":"novidades-do-processo-seletivo-de-pos-graduacao-em-educacao-matematica","status":"publish","type":"post","link":"https:\/\/www.ifbaiano.edu.br\/unidades\/lapa\/2019\/03\/07\/novidades-do-processo-seletivo-de-pos-graduacao-em-educacao-matematica\/","title":{"rendered":"Novidades do Processo Seletivo de P\u00f3s-Gradua\u00e7\u00e3o em Educa\u00e7\u00e3o Matem\u00e1tica"},"content":{"rendered":"<p>A coordena\u00e7\u00e3o do Curso de P\u00f3s-Gradua\u00e7\u00e3o <em>Lato Sensu<\/em> em Educa\u00e7\u00e3o Matem\u00e1tica divulga novos documentos relacionados ao processo seletivo:<\/p>\n<p><a href=\"http:\/\/www.ifbaiano.edu.br\/unidades\/lapa\/files\/2016\/07\/CRONOGRAMA-DE-ENTREVISTAS-E-HOR\u00c1RIOS.pdf\" target=\"_blank\">CRONOGRAMA DE ENTREVISTAS E HOR\u00c1RIOS<\/a><\/p>\n<p><a href=\"http:\/\/www.ifbaiano.edu.br\/unidades\/lapa\/files\/2016\/07\/RESULTADO-DA-PRIMEIRA-E-SEGUNDA-ETAPA.pdf\" target=\"_blank\">RESULTADO DA PRIMEIRA E SEGUNDA ETAPA<\/a><\/p>\n<p><a href=\"http:\/\/www.ifbaiano.edu.br\/unidades\/lapa\/files\/2016\/07\/NOTA-INFORMATIVA-ESPECIALIZA\u00c7\u00c3O.pdf\" target=\"_blank\">NOTA INFORMATIVA &#8211; ESPECIALIZA\u00c7\u00c3O<\/a><\/p>\n<p>&nbsp;<\/p>\n","protected":false},"excerpt":{"rendered":"<p>A coordena\u00e7\u00e3o do Curso de P\u00f3s-Gradua\u00e7\u00e3o Lato Sensu em Educa\u00e7\u00e3o Matem\u00e1tica divulga novos documentos relacionados ao processo seletivo: CRONOGRAMA DE ENTREVISTAS E HOR\u00c1RIOS RESULTADO DA PRIMEIRA E SEGUNDA ETAPA NOTA INFORMATIVA &#8211; ESPECIALIZA\u00c7\u00c3O &nbsp;<\/p>\n","protected":false},"author":100,"featured_media":0,"comment_status":"open","ping_status":"open","sticky":false,"template":"","format":"standard","meta":[],"categories":[34,64,71,24,73,65],"tags":[],"_links":{"self":[{"href":"https:\/\/www.ifbaiano.edu.br\/unidades\/lapa\/wp-json\/wp\/v2\/posts\/11999"}],"collection":[{"href":"https:\/\/www.ifbaiano.edu.br\/unidades\/lapa\/wp-json\/wp\/v2\/posts"}],"about":[{"href":"https:\/\/www.ifbaiano.edu.br\/unidades\/lapa\/wp-json\/wp\/v2\/types\/post"}],"author":[{"embeddable":true,"href":"https:\/\/www.ifbaiano.edu.br\/unidades\/lapa\/wp-json\/wp\/v2\/users\/100"}],"replies":[{"embeddable":true,"href":"https:\/\/www.ifbaiano.edu.br\/unidades\/lapa\/wp-json\/wp\/v2\/comments?post=11999"}],"version-history":[{"count":3,"href":"https:\/\/www.ifbaiano.edu.br\/unidades\/lapa\/wp-json\/wp\/v2\/posts\/11999\/revisions"}],"predecessor-version":[{"id":12002,"href":"https:\/\/www.ifbaiano.edu.br\/unidades\/lapa\/wp-json\/wp\/v2\/posts\/11999\/revisions\/12002"}],"wp:attachment":[{"href":"https:\/\/www.ifbaiano.edu.br\/unidades\/lapa\/wp-json\/wp\/v2\/media?parent=11999"}],"wp:term":[{"taxonomy":"category","embeddable":true,"href":"https:\/\/www.ifbaiano.edu.br\/unidades\/lapa\/wp-json\/wp\/v2\/categories?post=11999"},{"taxonomy":"post_tag","embeddable":true,"href":"https:\/\/www.ifbaiano.edu.br\/unidades\/lapa\/wp-json\/wp\/v2\/tags?post=11999"}],"curies":[{"name":"wp","href":"https:\/\/api.w.org\/{rel}","templated":true}]}}