{"id":12005,"date":"2019-03-07T22:41:46","date_gmt":"2019-03-08T01:41:46","guid":{"rendered":"http:\/\/www.ifbaiano.edu.br\/unidades\/lapa\/?p=12005"},"modified":"2019-03-07T22:44:39","modified_gmt":"2019-03-08T01:44:39","slug":"relacao-preliminar-de-inscritos-do-processo-seletivo-de-professor-substituto","status":"publish","type":"post","link":"https:\/\/www.ifbaiano.edu.br\/unidades\/lapa\/2019\/03\/07\/relacao-preliminar-de-inscritos-do-processo-seletivo-de-professor-substituto\/","title":{"rendered":"Rela\u00e7\u00e3o Preliminar de Inscritos do Processo Seletivo de Professor Substituto"},"content":{"rendered":"<p style=\"text-align: justify\">A Comiss\u00e3o do Processo Seletivo divulga rela\u00e7\u00e3o preliminar das inscri\u00e7\u00f5es referente a contrata\u00e7\u00e3o de professor substituto, de acordo com o Edital n\u00b0 13 de 13 de fevereiro de 2019.<br \/>\n<a href=\"http:\/\/www.ifbaiano.edu.br\/unidades\/lapa\/files\/2016\/07\/RELA\u00c7\u00c3O-PRELIMINAR-DE-INSCRITOS-EDITAL-N\u00b013.2019.pdf\" target=\"_blank\">RELA\u00c7\u00c3O PRELIMINAR DE INSCRITOS &#8211; EDITAL N\u00b013\/2019<\/a><\/p>\n","protected":false},"excerpt":{"rendered":"<p>A Comiss\u00e3o do Processo Seletivo divulga rela\u00e7\u00e3o preliminar das inscri\u00e7\u00f5es referente a contrata\u00e7\u00e3o de professor substituto, de acordo com o Edital n\u00b0 13 de 13 de fevereiro de 2019. RELA\u00c7\u00c3O PRELIMINAR DE INSCRITOS &#8211; EDITAL N\u00b013\/2019<\/p>\n","protected":false},"author":100,"featured_media":0,"comment_status":"open","ping_status":"open","sticky":false,"template":"","format":"standard","meta":[],"categories":[34,64,24,65],"tags":[],"_links":{"self":[{"href":"https:\/\/www.ifbaiano.edu.br\/unidades\/lapa\/wp-json\/wp\/v2\/posts\/12005"}],"collection":[{"href":"https:\/\/www.ifbaiano.edu.br\/unidades\/lapa\/wp-json\/wp\/v2\/posts"}],"about":[{"href":"https:\/\/www.ifbaiano.edu.br\/unidades\/lapa\/wp-json\/wp\/v2\/types\/post"}],"author":[{"embeddable":true,"href":"https:\/\/www.ifbaiano.edu.br\/unidades\/lapa\/wp-json\/wp\/v2\/users\/100"}],"replies":[{"embeddable":true,"href":"https:\/\/www.ifbaiano.edu.br\/unidades\/lapa\/wp-json\/wp\/v2\/comments?post=12005"}],"version-history":[{"count":3,"href":"https:\/\/www.ifbaiano.edu.br\/unidades\/lapa\/wp-json\/wp\/v2\/posts\/12005\/revisions"}],"predecessor-version":[{"id":12008,"href":"https:\/\/www.ifbaiano.edu.br\/unidades\/lapa\/wp-json\/wp\/v2\/posts\/12005\/revisions\/12008"}],"wp:attachment":[{"href":"https:\/\/www.ifbaiano.edu.br\/unidades\/lapa\/wp-json\/wp\/v2\/media?parent=12005"}],"wp:term":[{"taxonomy":"category","embeddable":true,"href":"https:\/\/www.ifbaiano.edu.br\/unidades\/lapa\/wp-json\/wp\/v2\/categories?post=12005"},{"taxonomy":"post_tag","embeddable":true,"href":"https:\/\/www.ifbaiano.edu.br\/unidades\/lapa\/wp-json\/wp\/v2\/tags?post=12005"}],"curies":[{"name":"wp","href":"https:\/\/api.w.org\/{rel}","templated":true}]}}