{"id":12009,"date":"2019-03-08T16:31:03","date_gmt":"2019-03-08T19:31:03","guid":{"rendered":"http:\/\/www.ifbaiano.edu.br\/unidades\/lapa\/?p=12009"},"modified":"2019-03-08T16:57:40","modified_gmt":"2019-03-08T19:57:40","slug":"estudantes-do-if-lapa-lancam-projeto-feminismo-no-dia-internacional-da-mulher","status":"publish","type":"post","link":"https:\/\/www.ifbaiano.edu.br\/unidades\/lapa\/2019\/03\/08\/estudantes-do-if-lapa-lancam-projeto-feminismo-no-dia-internacional-da-mulher\/","title":{"rendered":"Estudantes do IF Lapa lan\u00e7am Projeto Feminismo no dia Internacional da mulher"},"content":{"rendered":"<p style=\"text-align: justify\">No dia Internacional da Mulher, 08 de mar\u00e7o, as estudantes Mar\u00edlia Neri, Let\u00edcia Souza e Lorrane Vieira lan\u00e7aram no IF Baiano <em>Campus<\/em>\u00a0Bom Jesus da Lapa, o <strong>Projeto Feminismo<\/strong>. Na oportunidade as estudantes &#8220;batizaram&#8221; cada uma das salas dos Cursos Integrados com uma frase alusiva \u00e0 luta pela igualdade de g\u00eanero e ainda, promoveram enquetes sobre machismo, feminismo, equidade de g\u00eanero e sororidade.<br \/>\nA a\u00e7\u00e3o est\u00e1 articulada com as atividades proposta por t\u00e9cnicos e docentes que comp\u00f5em o NEABI &#8211; N\u00facleo de Estudos Afro-Brasileiros e Ind\u00edgenas.<\/p>\n<p>Fonte: NEABI &#8211; N\u00facleo de Estudos Afro-Brasileiros e Ind\u00edgenas<\/p>\n<div id=\"attachment_12034\" style=\"width: 1050px\" class=\"wp-caption alignnone\"><img aria-describedby=\"caption-attachment-12034\" decoding=\"async\" loading=\"lazy\" class=\"size-full wp-image-12034\" src=\"http:\/\/www.ifbaiano.edu.br\/unidades\/lapa\/files\/2019\/03\/Projeto_Feminismo-4.jpeg\" alt=\"Estudantes do IF Lapa lan\u00e7am Projeto Feminismo no dia Internacional da mulher\" width=\"1040\" height=\"780\" \/><p id=\"caption-attachment-12034\" class=\"wp-caption-text\">Estudantes do IF Lapa lan\u00e7am Projeto Feminismo no dia Internacional da mulher<\/p><\/div>\n<div id=\"attachment_12031\" style=\"width: 1050px\" class=\"wp-caption alignnone\"><img aria-describedby=\"caption-attachment-12031\" decoding=\"async\" loading=\"lazy\" class=\"size-full wp-image-12031\" src=\"http:\/\/www.ifbaiano.edu.br\/unidades\/lapa\/files\/2019\/03\/Projeto_Feminismo-1.jpeg\" alt=\"Estudantes do IF Lapa lan\u00e7am Projeto Feminismo no dia Internacional da mulher\" width=\"1040\" height=\"780\" \/><p id=\"caption-attachment-12031\" class=\"wp-caption-text\">Estudantes do IF Lapa lan\u00e7am Projeto Feminismo no dia Internacional da mulher<\/p><\/div>\n<div id=\"attachment_12032\" style=\"width: 1050px\" class=\"wp-caption alignnone\"><img aria-describedby=\"caption-attachment-12032\" decoding=\"async\" loading=\"lazy\" class=\"size-full wp-image-12032\" src=\"http:\/\/www.ifbaiano.edu.br\/unidades\/lapa\/files\/2019\/03\/Projeto_Feminismo-2.jpeg\" alt=\"Estudantes do IF Lapa lan\u00e7am Projeto Feminismo no dia Internacional da mulher\" width=\"1040\" height=\"780\" \/><p id=\"caption-attachment-12032\" class=\"wp-caption-text\">Estudantes do IF Lapa lan\u00e7am Projeto Feminismo no dia Internacional da mulher<\/p><\/div>\n<div id=\"attachment_12033\" style=\"width: 1050px\" class=\"wp-caption alignnone\"><img aria-describedby=\"caption-attachment-12033\" decoding=\"async\" loading=\"lazy\" class=\"size-full wp-image-12033\" src=\"http:\/\/www.ifbaiano.edu.br\/unidades\/lapa\/files\/2019\/03\/Projeto_Feminismo-3.jpeg\" alt=\"Estudantes do IF Lapa lan\u00e7am Projeto Feminismo no dia Internacional da mulher\" width=\"1040\" height=\"780\" \/><p id=\"caption-attachment-12033\" class=\"wp-caption-text\">Estudantes do IF Lapa lan\u00e7am Projeto Feminismo no dia Internacional da mulher<\/p><\/div>\n<div id=\"attachment_12035\" style=\"width: 1050px\" class=\"wp-caption alignnone\"><img aria-describedby=\"caption-attachment-12035\" decoding=\"async\" loading=\"lazy\" class=\"size-full wp-image-12035\" src=\"http:\/\/www.ifbaiano.edu.br\/unidades\/lapa\/files\/2019\/03\/Projeto_Feminismo-5.jpeg\" alt=\"Estudantes do IF Lapa lan\u00e7am Projeto Feminismo no dia Internacional da mulher\" width=\"1040\" height=\"780\" \/><p id=\"caption-attachment-12035\" class=\"wp-caption-text\">Estudantes do IF Lapa lan\u00e7am Projeto Feminismo no dia Internacional da mulher<\/p><\/div>\n<div id=\"attachment_12036\" style=\"width: 1050px\" class=\"wp-caption alignnone\"><img aria-describedby=\"caption-attachment-12036\" decoding=\"async\" loading=\"lazy\" class=\"size-full wp-image-12036\" src=\"http:\/\/www.ifbaiano.edu.br\/unidades\/lapa\/files\/2019\/03\/Projeto_Feminismo-6.jpeg\" alt=\"Estudantes do IF Lapa lan\u00e7am Projeto Feminismo no dia Internacional da mulher\" width=\"1040\" height=\"780\" \/><p id=\"caption-attachment-12036\" class=\"wp-caption-text\">Estudantes do IF Lapa lan\u00e7am Projeto Feminismo no dia Internacional da mulher<\/p><\/div>\n<div id=\"attachment_12037\" style=\"width: 1050px\" class=\"wp-caption alignnone\"><img aria-describedby=\"caption-attachment-12037\" decoding=\"async\" loading=\"lazy\" class=\"size-full wp-image-12037\" src=\"http:\/\/www.ifbaiano.edu.br\/unidades\/lapa\/files\/2019\/03\/Projeto_Feminismo-7.jpeg\" alt=\"Estudantes do IF Lapa lan\u00e7am Projeto Feminismo no dia Internacional da mulher\" width=\"1040\" height=\"780\" \/><p id=\"caption-attachment-12037\" class=\"wp-caption-text\">Estudantes do IF Lapa lan\u00e7am Projeto Feminismo no dia Internacional da mulher<\/p><\/div>\n<div id=\"attachment_12038\" style=\"width: 1050px\" class=\"wp-caption alignnone\"><img aria-describedby=\"caption-attachment-12038\" decoding=\"async\" loading=\"lazy\" class=\"size-full wp-image-12038\" src=\"http:\/\/www.ifbaiano.edu.br\/unidades\/lapa\/files\/2019\/03\/Projeto_Feminismo-8.jpeg\" alt=\"Estudantes do IF Lapa lan\u00e7am Projeto Feminismo no dia Internacional da mulher\" width=\"1040\" height=\"780\" \/><p id=\"caption-attachment-12038\" class=\"wp-caption-text\">Estudantes do IF Lapa lan\u00e7am Projeto Feminismo no dia Internacional da mulher<\/p><\/div>\n<div id=\"attachment_12039\" style=\"width: 1050px\" class=\"wp-caption alignnone\"><img aria-describedby=\"caption-attachment-12039\" decoding=\"async\" loading=\"lazy\" class=\"size-full wp-image-12039\" src=\"http:\/\/www.ifbaiano.edu.br\/unidades\/lapa\/files\/2019\/03\/Projeto_Feminismo-9.jpeg\" alt=\"Estudantes do IF Lapa lan\u00e7am Projeto Feminismo no dia Internacional da mulher\" width=\"1040\" height=\"780\" \/><p id=\"caption-attachment-12039\" class=\"wp-caption-text\">Estudantes do IF Lapa lan\u00e7am Projeto Feminismo no dia Internacional da mulher<\/p><\/div>\n<div id=\"attachment_12040\" style=\"width: 1050px\" class=\"wp-caption alignnone\"><img aria-describedby=\"caption-attachment-12040\" decoding=\"async\" loading=\"lazy\" class=\"size-full wp-image-12040\" src=\"http:\/\/www.ifbaiano.edu.br\/unidades\/lapa\/files\/2019\/03\/Projeto_Feminismo-10.jpeg\" alt=\"Estudantes do IF Lapa lan\u00e7am Projeto Feminismo no dia Internacional da mulher\" width=\"1040\" height=\"780\" \/><p id=\"caption-attachment-12040\" class=\"wp-caption-text\">Estudantes do IF Lapa lan\u00e7am Projeto Feminismo no dia Internacional da mulher<\/p><\/div>\n<div id=\"attachment_12041\" style=\"width: 1176px\" class=\"wp-caption alignnone\"><img aria-describedby=\"caption-attachment-12041\" decoding=\"async\" loading=\"lazy\" class=\"size-full wp-image-12041\" src=\"http:\/\/www.ifbaiano.edu.br\/unidades\/lapa\/files\/2019\/03\/Projeto_Feminismo.jpeg\" alt=\"Estudantes do IF Lapa lan\u00e7am Projeto Feminismo no dia Internacional da mulher\" width=\"1166\" height=\"1280\" \/><p id=\"caption-attachment-12041\" class=\"wp-caption-text\">Estudantes do IF Lapa lan\u00e7am Projeto Feminismo no dia Internacional da mulher<\/p><\/div>\n","protected":false},"excerpt":{"rendered":"<p>No dia Internacional da Mulher, 08 de mar\u00e7o, as estudantes Mar\u00edlia Neri, Let\u00edcia Souza e Lorrane Vieira lan\u00e7aram no IF Baiano Campus\u00a0Bom Jesus da Lapa, o Projeto Feminismo. Na oportunidade as estudantes &#8220;batizaram&#8221; cada uma das salas dos Cursos Integrados com uma frase alusiva \u00e0 luta pela igualdade de g\u00eanero e ainda, promoveram enquetes sobre [&hellip;]<\/p>\n","protected":false},"author":100,"featured_media":12033,"comment_status":"open","ping_status":"open","sticky":false,"template":"","format":"standard","meta":[],"categories":[64,24,65],"tags":[],"_links":{"self":[{"href":"https:\/\/www.ifbaiano.edu.br\/unidades\/lapa\/wp-json\/wp\/v2\/posts\/12009"}],"collection":[{"href":"https:\/\/www.ifbaiano.edu.br\/unidades\/lapa\/wp-json\/wp\/v2\/posts"}],"about":[{"href":"https:\/\/www.ifbaiano.edu.br\/unidades\/lapa\/wp-json\/wp\/v2\/types\/post"}],"author":[{"embeddable":true,"href":"https:\/\/www.ifbaiano.edu.br\/unidades\/lapa\/wp-json\/wp\/v2\/users\/100"}],"replies":[{"embeddable":true,"href":"https:\/\/www.ifbaiano.edu.br\/unidades\/lapa\/wp-json\/wp\/v2\/comments?post=12009"}],"version-history":[{"count":3,"href":"https:\/\/www.ifbaiano.edu.br\/unidades\/lapa\/wp-json\/wp\/v2\/posts\/12009\/revisions"}],"predecessor-version":[{"id":12044,"href":"https:\/\/www.ifbaiano.edu.br\/unidades\/lapa\/wp-json\/wp\/v2\/posts\/12009\/revisions\/12044"}],"wp:featuredmedia":[{"embeddable":true,"href":"https:\/\/www.ifbaiano.edu.br\/unidades\/lapa\/wp-json\/wp\/v2\/media\/12033"}],"wp:attachment":[{"href":"https:\/\/www.ifbaiano.edu.br\/unidades\/lapa\/wp-json\/wp\/v2\/media?parent=12009"}],"wp:term":[{"taxonomy":"category","embeddable":true,"href":"https:\/\/www.ifbaiano.edu.br\/unidades\/lapa\/wp-json\/wp\/v2\/categories?post=12009"},{"taxonomy":"post_tag","embeddable":true,"href":"https:\/\/www.ifbaiano.edu.br\/unidades\/lapa\/wp-json\/wp\/v2\/tags?post=12009"}],"curies":[{"name":"wp","href":"https:\/\/api.w.org\/{rel}","templated":true}]}}