{"id":12063,"date":"2019-03-12T17:17:08","date_gmt":"2019-03-12T20:17:08","guid":{"rendered":"http:\/\/www.ifbaiano.edu.br\/unidades\/lapa\/?p=12063"},"modified":"2019-03-12T17:17:49","modified_gmt":"2019-03-12T20:17:49","slug":"retificacao-do-titulo-da-2a-chamada-de-matricula","status":"publish","type":"post","link":"https:\/\/www.ifbaiano.edu.br\/unidades\/lapa\/2019\/03\/12\/retificacao-do-titulo-da-2a-chamada-de-matricula\/","title":{"rendered":"Retifica\u00e7\u00e3o do T\u00edtulo da 2\u00aa Chamada De Matr\u00edcula"},"content":{"rendered":"<p style=\"text-align: justify\">O Diretor-Geral substituto do Instituto Federal de Educa\u00e7\u00e3o, Ci\u00eancia e Tecnologia Baiano \u2013 Campus Bom Jesus da Lapa, nomeado atrav\u00e9s da Portaria 908, de 12 de abril de 2018, publicada no DOU 13\/04\/2018, torna p\u00fablica a RETIFICA\u00c7\u00c3O DO T\u00cdTULO DA PUBLICA\u00c7\u00c3O DA 2\u00aa CHAMADA DE MATR\u00cdCULA REFERENTE AO EDITAL N\u00ba 21\/2018 DE 21 DE DEZEMBRO DE 2018, realizada em 14\/01\/2019.<\/p>\n<p style=\"text-align: justify\"><a href=\"http:\/\/www.ifbaiano.edu.br\/unidades\/lapa\/files\/2019\/03\/RETIFICA\u00c7\u00c3O-T\u00cdTULO-DA-2\u00aa-CHAMADA-DE-MATR\u00cdCULA-EDITAL-21-2018.pdf\" target=\"_blank\">Acesse aqui<\/a><\/p>\n<p style=\"text-align: justify\">Fonte: Gabinete<\/p>\n","protected":false},"excerpt":{"rendered":"<p>O Diretor-Geral substituto do Instituto Federal de Educa\u00e7\u00e3o, Ci\u00eancia e Tecnologia Baiano \u2013 Campus Bom Jesus da Lapa, nomeado atrav\u00e9s da Portaria 908, de 12 de abril de 2018, publicada no DOU 13\/04\/2018, torna p\u00fablica a RETIFICA\u00c7\u00c3O DO T\u00cdTULO DA PUBLICA\u00c7\u00c3O DA 2\u00aa CHAMADA DE MATR\u00cdCULA REFERENTE AO EDITAL N\u00ba 21\/2018 DE 21 DE DEZEMBRO [&hellip;]<\/p>\n","protected":false},"author":100,"featured_media":0,"comment_status":"open","ping_status":"open","sticky":false,"template":"","format":"standard","meta":[],"categories":[64,24,65],"tags":[],"_links":{"self":[{"href":"https:\/\/www.ifbaiano.edu.br\/unidades\/lapa\/wp-json\/wp\/v2\/posts\/12063"}],"collection":[{"href":"https:\/\/www.ifbaiano.edu.br\/unidades\/lapa\/wp-json\/wp\/v2\/posts"}],"about":[{"href":"https:\/\/www.ifbaiano.edu.br\/unidades\/lapa\/wp-json\/wp\/v2\/types\/post"}],"author":[{"embeddable":true,"href":"https:\/\/www.ifbaiano.edu.br\/unidades\/lapa\/wp-json\/wp\/v2\/users\/100"}],"replies":[{"embeddable":true,"href":"https:\/\/www.ifbaiano.edu.br\/unidades\/lapa\/wp-json\/wp\/v2\/comments?post=12063"}],"version-history":[{"count":3,"href":"https:\/\/www.ifbaiano.edu.br\/unidades\/lapa\/wp-json\/wp\/v2\/posts\/12063\/revisions"}],"predecessor-version":[{"id":12067,"href":"https:\/\/www.ifbaiano.edu.br\/unidades\/lapa\/wp-json\/wp\/v2\/posts\/12063\/revisions\/12067"}],"wp:attachment":[{"href":"https:\/\/www.ifbaiano.edu.br\/unidades\/lapa\/wp-json\/wp\/v2\/media?parent=12063"}],"wp:term":[{"taxonomy":"category","embeddable":true,"href":"https:\/\/www.ifbaiano.edu.br\/unidades\/lapa\/wp-json\/wp\/v2\/categories?post=12063"},{"taxonomy":"post_tag","embeddable":true,"href":"https:\/\/www.ifbaiano.edu.br\/unidades\/lapa\/wp-json\/wp\/v2\/tags?post=12063"}],"curies":[{"name":"wp","href":"https:\/\/api.w.org\/{rel}","templated":true}]}}