{"id":12068,"date":"2019-03-12T17:23:20","date_gmt":"2019-03-12T20:23:20","guid":{"rendered":"http:\/\/www.ifbaiano.edu.br\/unidades\/lapa\/?p=12068"},"modified":"2019-03-12T17:23:20","modified_gmt":"2019-03-12T20:23:20","slug":"retificacao-do-titulo-da-publicacao-da-3a-chamada-de-matricula","status":"publish","type":"post","link":"https:\/\/www.ifbaiano.edu.br\/unidades\/lapa\/2019\/03\/12\/retificacao-do-titulo-da-publicacao-da-3a-chamada-de-matricula\/","title":{"rendered":"Retifica\u00e7\u00e3o do T\u00edtulo da Publica\u00e7\u00e3o da 3\u00aa Chamada de Matr\u00edcula"},"content":{"rendered":"<p style=\"text-align: justify\">O Diretor-Geral substituto do Instituto Federal de Educa\u00e7\u00e3o, Ci\u00eancia e Tecnologia Baiano \u2013 Campus Bom Jesus da Lapa, nomeado atrav\u00e9s da Portaria 908, de\u00a0<span id=\"OBJ_PREFIX_DWT557_com_zimbra_date\" class=\"Object\"><span id=\"OBJ_PREFIX_DWT561_com_zimbra_date\" class=\"Object\">12 de abril<\/span><\/span>\u00a0de 2018, publicada no DOU\u00a0<span id=\"OBJ_PREFIX_DWT562_com_zimbra_date\" class=\"Object\">13\/04\/2018<\/span>, torna p\u00fablica a RETIFICA\u00c7\u00c3O DO T\u00cdTULO DA PUBLICA\u00c7\u00c3O DA 3\u00aa CHAMADA DE MATR\u00cdCULA REFERENTE AO EDITAL N\u00ba 21\/2018 DE<span id=\"OBJ_PREFIX_DWT558_com_zimbra_date\" class=\"Object\"><span id=\"OBJ_PREFIX_DWT563_com_zimbra_date\" class=\"Object\">21 DE DEZEMBRO<\/span><\/span>\u00a0DE 2018, realizada em\u00a0<span id=\"OBJ_PREFIX_DWT559_com_zimbra_date\" class=\"Object\"><span id=\"OBJ_PREFIX_DWT564_com_zimbra_date\" class=\"Object\">19\/02\/2019<\/span><\/span>.<\/p>\n<p style=\"text-align: justify\"><a href=\"http:\/\/www.ifbaiano.edu.br\/unidades\/lapa\/files\/2019\/03\/RETIFICA\u00c7\u00c3O-T\u00cdTULO-DA-3\u00aa-CHAMADA-DE-MATR\u00cdCULA-EDITAL-21-2018.pdf\" target=\"_blank\">Acesse aqui<\/a><\/p>\n<p style=\"text-align: justify\">Fonte: Gabinete<\/p>\n","protected":false},"excerpt":{"rendered":"<p>O Diretor-Geral substituto do Instituto Federal de Educa\u00e7\u00e3o, Ci\u00eancia e Tecnologia Baiano \u2013 Campus Bom Jesus da Lapa, nomeado atrav\u00e9s da Portaria 908, de\u00a012 de abril\u00a0de 2018, publicada no DOU\u00a013\/04\/2018, torna p\u00fablica a RETIFICA\u00c7\u00c3O DO T\u00cdTULO DA PUBLICA\u00c7\u00c3O DA 3\u00aa CHAMADA DE MATR\u00cdCULA REFERENTE AO EDITAL N\u00ba 21\/2018 DE21 DE DEZEMBRO\u00a0DE 2018, realizada em\u00a019\/02\/2019. Acesse [&hellip;]<\/p>\n","protected":false},"author":100,"featured_media":0,"comment_status":"open","ping_status":"open","sticky":false,"template":"","format":"standard","meta":[],"categories":[64,24,65],"tags":[],"_links":{"self":[{"href":"https:\/\/www.ifbaiano.edu.br\/unidades\/lapa\/wp-json\/wp\/v2\/posts\/12068"}],"collection":[{"href":"https:\/\/www.ifbaiano.edu.br\/unidades\/lapa\/wp-json\/wp\/v2\/posts"}],"about":[{"href":"https:\/\/www.ifbaiano.edu.br\/unidades\/lapa\/wp-json\/wp\/v2\/types\/post"}],"author":[{"embeddable":true,"href":"https:\/\/www.ifbaiano.edu.br\/unidades\/lapa\/wp-json\/wp\/v2\/users\/100"}],"replies":[{"embeddable":true,"href":"https:\/\/www.ifbaiano.edu.br\/unidades\/lapa\/wp-json\/wp\/v2\/comments?post=12068"}],"version-history":[{"count":1,"href":"https:\/\/www.ifbaiano.edu.br\/unidades\/lapa\/wp-json\/wp\/v2\/posts\/12068\/revisions"}],"predecessor-version":[{"id":12070,"href":"https:\/\/www.ifbaiano.edu.br\/unidades\/lapa\/wp-json\/wp\/v2\/posts\/12068\/revisions\/12070"}],"wp:attachment":[{"href":"https:\/\/www.ifbaiano.edu.br\/unidades\/lapa\/wp-json\/wp\/v2\/media?parent=12068"}],"wp:term":[{"taxonomy":"category","embeddable":true,"href":"https:\/\/www.ifbaiano.edu.br\/unidades\/lapa\/wp-json\/wp\/v2\/categories?post=12068"},{"taxonomy":"post_tag","embeddable":true,"href":"https:\/\/www.ifbaiano.edu.br\/unidades\/lapa\/wp-json\/wp\/v2\/tags?post=12068"}],"curies":[{"name":"wp","href":"https:\/\/api.w.org\/{rel}","templated":true}]}}