{"id":12086,"date":"2019-03-14T12:03:18","date_gmt":"2019-03-14T15:03:18","guid":{"rendered":"http:\/\/www.ifbaiano.edu.br\/unidades\/lapa\/?p=12086"},"modified":"2019-03-14T12:05:39","modified_gmt":"2019-03-14T15:05:39","slug":"campus-bom-jesus-da-lapa-publica-editais-de-selecao-de-monitores-do-ensino-superior-e-dos-cursos-tecnicos","status":"publish","type":"post","link":"https:\/\/www.ifbaiano.edu.br\/unidades\/lapa\/2019\/03\/14\/campus-bom-jesus-da-lapa-publica-editais-de-selecao-de-monitores-do-ensino-superior-e-dos-cursos-tecnicos\/","title":{"rendered":"Campus Bom Jesus da Lapa publica editais de sele\u00e7\u00e3o de monitores do Ensino Superior e dos Cursos T\u00e9cnicos"},"content":{"rendered":"<p>O Campus Bom Jesus da Lapa abriu processo seletivo de monitores para os cursos integrados, subsequentes e superior em Engenharia Agron\u00f4mica.<br \/>\nOs editais podem ser acessados nos seguintes links:<br \/>\n<a href=\"http:\/\/www.ifbaiano.edu.br\/unidades\/lapa\/files\/2016\/07\/EDITAL-05-DE-14-03-19-MONITORIA-DE-ENSINO-CURSOS-T\u00c9CNICOS-DE-N\u00cdVEL-M\u00c9DIO.pdf\" target=\"_blank\">MONITORIA DE ENSINO CURSOS T\u00c9CNICOS DE N\u00cdVEL M\u00c9DIO<\/a><br \/>\n<a href=\"http:\/\/www.ifbaiano.edu.br\/unidades\/lapa\/files\/2016\/07\/EDITAL-06-de-14-03-19-MONITORIA-DE-ENSINO-CURSO-ENGENHARIA-AGRON\u00d4MICA.pdf\" target=\"_blank\">MONITORIA DE ENSINO CURSO ENGENHARIA AGRON\u00d4MICA<\/a><\/p>\n<p>As inscri\u00e7\u00f5es ser\u00e3o realizadas no per\u00edodo de 18 a 22 de mar\u00e7o de 2019, conforme locais abaixo-especificados:<br \/>\nCursos T\u00e9cnicos Integrados e Subsequntes &#8211; Sala do NUAPE (Equipe Pedag\u00f3gica);<br \/>\nCurso de Engenharia Agron\u00f4mica &#8211; Sala de Extens\u00e3o (com o servidor Junio Batista).<\/p>\n<p style=\"text-align: justify\">N\u00e3o deixem para se inscrever de \u00faltima hora. Acessem os editais e confiram as bolsas dispon\u00edveis.<\/p>\n<p><img decoding=\"async\" loading=\"lazy\" class=\"alignnone size-full wp-image-12087\" src=\"http:\/\/www.ifbaiano.edu.br\/unidades\/lapa\/files\/2019\/03\/monitores-marco-lapa.jpg\" alt=\"monitores n\u00edvel m\u00e9dio\" width=\"1000\" height=\"1000\" \/><br \/>\n<img decoding=\"async\" loading=\"lazy\" class=\"alignnone size-full wp-image-12088\" src=\"http:\/\/www.ifbaiano.edu.br\/unidades\/lapa\/files\/2019\/03\/monitores-agronomia-marco-lapa.jpg\" alt=\"Monitores agron\u00f4mia\" width=\"1000\" height=\"1000\" \/><\/p>\n","protected":false},"excerpt":{"rendered":"<p>O Campus Bom Jesus da Lapa abriu processo seletivo de monitores para os cursos integrados, subsequentes e superior em Engenharia Agron\u00f4mica. Os editais podem ser acessados nos seguintes links: MONITORIA DE ENSINO CURSOS T\u00c9CNICOS DE N\u00cdVEL M\u00c9DIO MONITORIA DE ENSINO CURSO ENGENHARIA AGRON\u00d4MICA As inscri\u00e7\u00f5es ser\u00e3o realizadas no per\u00edodo de 18 a 22 de mar\u00e7o [&hellip;]<\/p>\n","protected":false},"author":100,"featured_media":12092,"comment_status":"open","ping_status":"open","sticky":false,"template":"","format":"standard","meta":[],"categories":[34,64,24,73,65],"tags":[],"_links":{"self":[{"href":"https:\/\/www.ifbaiano.edu.br\/unidades\/lapa\/wp-json\/wp\/v2\/posts\/12086"}],"collection":[{"href":"https:\/\/www.ifbaiano.edu.br\/unidades\/lapa\/wp-json\/wp\/v2\/posts"}],"about":[{"href":"https:\/\/www.ifbaiano.edu.br\/unidades\/lapa\/wp-json\/wp\/v2\/types\/post"}],"author":[{"embeddable":true,"href":"https:\/\/www.ifbaiano.edu.br\/unidades\/lapa\/wp-json\/wp\/v2\/users\/100"}],"replies":[{"embeddable":true,"href":"https:\/\/www.ifbaiano.edu.br\/unidades\/lapa\/wp-json\/wp\/v2\/comments?post=12086"}],"version-history":[{"count":3,"href":"https:\/\/www.ifbaiano.edu.br\/unidades\/lapa\/wp-json\/wp\/v2\/posts\/12086\/revisions"}],"predecessor-version":[{"id":12091,"href":"https:\/\/www.ifbaiano.edu.br\/unidades\/lapa\/wp-json\/wp\/v2\/posts\/12086\/revisions\/12091"}],"wp:featuredmedia":[{"embeddable":true,"href":"https:\/\/www.ifbaiano.edu.br\/unidades\/lapa\/wp-json\/wp\/v2\/media\/12092"}],"wp:attachment":[{"href":"https:\/\/www.ifbaiano.edu.br\/unidades\/lapa\/wp-json\/wp\/v2\/media?parent=12086"}],"wp:term":[{"taxonomy":"category","embeddable":true,"href":"https:\/\/www.ifbaiano.edu.br\/unidades\/lapa\/wp-json\/wp\/v2\/categories?post=12086"},{"taxonomy":"post_tag","embeddable":true,"href":"https:\/\/www.ifbaiano.edu.br\/unidades\/lapa\/wp-json\/wp\/v2\/tags?post=12086"}],"curies":[{"name":"wp","href":"https:\/\/api.w.org\/{rel}","templated":true}]}}