{"id":12139,"date":"2019-03-21T09:17:03","date_gmt":"2019-03-21T12:17:03","guid":{"rendered":"http:\/\/www.ifbaiano.edu.br\/unidades\/lapa\/?p=12139"},"modified":"2019-03-22T15:19:26","modified_gmt":"2019-03-22T18:19:26","slug":"entrega-de-certificados-de-cursos-de-pos-graduacao","status":"publish","type":"post","link":"https:\/\/www.ifbaiano.edu.br\/unidades\/lapa\/2019\/03\/21\/entrega-de-certificados-de-cursos-de-pos-graduacao\/","title":{"rendered":"Entrega de Certificados de Cursos de P\u00f3s-gradua\u00e7\u00e3o"},"content":{"rendered":"<p style=\"text-align: justify\">No \u00faltimo s\u00e1bado, dia 16 de mar\u00e7o de 2019, foi realizada a cerim\u00f4nia de entrega de certificados dos cursos de P\u00f3s-Gradu\u00e7\u00e3o em Educa\u00e7\u00e3o do Campo, Educa\u00e7\u00e3o Matem\u00e1tica e Inova\u00e7\u00e3o Social. O evento ocorreu, \u00e0s 09:30, no audit\u00f3rio do<em> Campus<\/em> Bom Jesus da Lapa. Na oportunidade, receberam certificados 13 (treze) especialistas em Educa\u00e7\u00e3o do Campo, 24 (vinte e quatro) especialistas em Educa\u00e7\u00e3o Matem\u00e1tica e 4 (quatro) especialistas em Inova\u00e7\u00e3o Social. Importante destacar que essa P\u00f3s-gradua\u00e7\u00e3o em Inova\u00e7\u00e3o Social \u00e9 a primeira realizada na Am\u00e9rica Latina.<\/p>\n<p><img decoding=\"async\" src=\"http:\/\/www.ifbaiano.edu.br\/unidades\/lapa\/files\/2019\/03\/IMG_8021.jpg\" alt=\"Entrega de Certificado de P\u00f3s-gradua\u00e7\u00e3o\" \/><br \/>\n<img decoding=\"async\" src=\"http:\/\/www.ifbaiano.edu.br\/unidades\/lapa\/files\/2019\/03\/IMG_8023.jpg\" alt=\"Entrega de Certificado P\u00f3s-Gradua\u00e7\u00e3o\" \/><br \/>\n<img decoding=\"async\" src=\"http:\/\/www.ifbaiano.edu.br\/unidades\/lapa\/files\/2019\/03\/IMG_8028.jpg\" alt=\"Entrega de Certificado P\u00f3s-Gradua\u00e7\u00e3o\" \/><br \/>\n<img decoding=\"async\" src=\"http:\/\/www.ifbaiano.edu.br\/unidades\/lapa\/files\/2019\/03\/Entrega_Certificado_Pos.jpeg\" alt=\"Entrega de Certificado P\u00f3s-Gradua\u00e7\u00e3o\" \/><\/p>\n","protected":false},"excerpt":{"rendered":"<p>No \u00faltimo s\u00e1bado, dia 16 de mar\u00e7o de 2019, foi realizada a cerim\u00f4nia de entrega de certificados dos cursos de P\u00f3s-Gradu\u00e7\u00e3o em Educa\u00e7\u00e3o do Campo, Educa\u00e7\u00e3o Matem\u00e1tica e Inova\u00e7\u00e3o Social. O evento ocorreu, \u00e0s 09:30, no audit\u00f3rio do Campus Bom Jesus da Lapa. Na oportunidade, receberam certificados 13 (treze) especialistas em Educa\u00e7\u00e3o do Campo, 24 [&hellip;]<\/p>\n","protected":false},"author":100,"featured_media":12196,"comment_status":"open","ping_status":"open","sticky":false,"template":"","format":"standard","meta":[],"categories":[64,71,24,65],"tags":[],"_links":{"self":[{"href":"https:\/\/www.ifbaiano.edu.br\/unidades\/lapa\/wp-json\/wp\/v2\/posts\/12139"}],"collection":[{"href":"https:\/\/www.ifbaiano.edu.br\/unidades\/lapa\/wp-json\/wp\/v2\/posts"}],"about":[{"href":"https:\/\/www.ifbaiano.edu.br\/unidades\/lapa\/wp-json\/wp\/v2\/types\/post"}],"author":[{"embeddable":true,"href":"https:\/\/www.ifbaiano.edu.br\/unidades\/lapa\/wp-json\/wp\/v2\/users\/100"}],"replies":[{"embeddable":true,"href":"https:\/\/www.ifbaiano.edu.br\/unidades\/lapa\/wp-json\/wp\/v2\/comments?post=12139"}],"version-history":[{"count":8,"href":"https:\/\/www.ifbaiano.edu.br\/unidades\/lapa\/wp-json\/wp\/v2\/posts\/12139\/revisions"}],"predecessor-version":[{"id":12200,"href":"https:\/\/www.ifbaiano.edu.br\/unidades\/lapa\/wp-json\/wp\/v2\/posts\/12139\/revisions\/12200"}],"wp:featuredmedia":[{"embeddable":true,"href":"https:\/\/www.ifbaiano.edu.br\/unidades\/lapa\/wp-json\/wp\/v2\/media\/12196"}],"wp:attachment":[{"href":"https:\/\/www.ifbaiano.edu.br\/unidades\/lapa\/wp-json\/wp\/v2\/media?parent=12139"}],"wp:term":[{"taxonomy":"category","embeddable":true,"href":"https:\/\/www.ifbaiano.edu.br\/unidades\/lapa\/wp-json\/wp\/v2\/categories?post=12139"},{"taxonomy":"post_tag","embeddable":true,"href":"https:\/\/www.ifbaiano.edu.br\/unidades\/lapa\/wp-json\/wp\/v2\/tags?post=12139"}],"curies":[{"name":"wp","href":"https:\/\/api.w.org\/{rel}","templated":true}]}}