{"id":1215,"date":"2013-07-17T11:00:53","date_gmt":"2013-07-17T13:00:53","guid":{"rendered":"http:\/\/www.ifbaiano.edu.br\/unidades\/lapa\/?p=1215"},"modified":"2013-07-17T11:01:55","modified_gmt":"2013-07-17T13:01:55","slug":"viii-connepi-prazo-para-submissao-de-trabalhos","status":"publish","type":"post","link":"https:\/\/www.ifbaiano.edu.br\/unidades\/lapa\/2013\/07\/17\/viii-connepi-prazo-para-submissao-de-trabalhos\/","title":{"rendered":"VIII CONNEPI: Prazo para submiss\u00e3o de trabalhos"},"content":{"rendered":"<div>A comiss\u00e3o organizadora do VIII Congresso Norte Nordeste de Pesquisa e Inova\u00e7\u00e3o (CONNEPI) informa que o prazo para submiss\u00e3o de trabalhos \u00e9 at\u00e9 o dia 26\/07\/13.<!--more--><\/div>\n<div>\n<div>O tema do evento este ano \u00e9 \u201cPesquisa e Inova\u00e7\u00e3o para o Desenvolvimento do Brasil\u201d e poder\u00e3o ser submetidos trabalhos de pesquisadores e estudantes voltados para a tem\u00e1tica do evento ou relacionados \u00e0 educa\u00e7\u00e3o profissional tecnol\u00f3gica. Cada inscrito poder\u00e1 submeter mais de um artigo, como autor ou coautor e as modalidades de apresenta\u00e7\u00e3o ser\u00e3o sob a forma de pain\u00e9is ou comunica\u00e7\u00e3o oral.<\/div>\n<div>A comiss\u00e3o de organiza\u00e7\u00e3o convida, portanto, a todos os interessados na \u00e1rea a aproveitarem a prorroga\u00e7\u00e3o e submeterem seus artigos, a fim de promover um amplo debate sobre a tem\u00e1tica no referido evento.<\/div>\n<div>O VIII CONNEPI acontecer\u00e1 entre os dias 27 e 29\/11\/13, no Centro de Conven\u00e7\u00f5es da Bahia, em Salvador.<\/div>\n<div><strong>Cronograma:<\/strong><\/div>\n<div>\n<table border=\"1\" cellspacing=\"0\" cellpadding=\"0\">\n<tbody>\n<tr>\n<td valign=\"top\" width=\"288\">Per\u00edodo se submiss\u00e3o<\/td>\n<td valign=\"top\" width=\"288\">01\/06 a 26\/07\/2013<\/td>\n<\/tr>\n<tr>\n<td valign=\"top\" width=\"288\">Per\u00edodo de avalia\u00e7\u00e3o<\/td>\n<td valign=\"top\" width=\"288\">At\u00e9 25\/08\/2013<\/td>\n<\/tr>\n<tr>\n<td valign=\"top\" width=\"288\">Divulga\u00e7\u00e3o da rela\u00e7\u00e3o preliminar de trabalhos aprovados<\/td>\n<td valign=\"top\" width=\"288\">A partir de 26\/08\/2013<\/td>\n<\/tr>\n<tr>\n<td valign=\"top\" width=\"288\">Envio da vers\u00e3o final para publica\u00e7\u00e3o<\/td>\n<td valign=\"top\" width=\"288\">Ap\u00f3s 15 dias da divulga\u00e7\u00e3o da rela\u00e7\u00e3o dos trabalhos aprovados<\/td>\n<\/tr>\n<tr>\n<td valign=\"top\" width=\"288\">Divulga\u00e7\u00e3o definitiva da rela\u00e7\u00e3o dos trabalhos aprovados nas categorias p\u00f4ster ou apresenta\u00e7\u00e3o oral<\/td>\n<td valign=\"top\" width=\"288\">A partir de 23\/09\/2013<\/td>\n<\/tr>\n<\/tbody>\n<\/table>\n<\/div>\n<div>Mais informa\u00e7\u00f5es em:\u00a0<a href=\"http:\/\/www.connepi.ifbaiano.edu.br\/\" target=\"_blank\">www.connepi.ifbaiano.edu.br<\/a><\/div>\n<\/div>\n","protected":false},"excerpt":{"rendered":"<p>A comiss\u00e3o organizadora do VIII Congresso Norte Nordeste de Pesquisa e Inova\u00e7\u00e3o (CONNEPI) informa que o prazo para submiss\u00e3o de trabalhos \u00e9 at\u00e9 o dia 26\/07\/13.<\/p>\n","protected":false},"author":41,"featured_media":0,"comment_status":"open","ping_status":"open","sticky":false,"template":"","format":"standard","meta":[],"categories":[24],"tags":[],"_links":{"self":[{"href":"https:\/\/www.ifbaiano.edu.br\/unidades\/lapa\/wp-json\/wp\/v2\/posts\/1215"}],"collection":[{"href":"https:\/\/www.ifbaiano.edu.br\/unidades\/lapa\/wp-json\/wp\/v2\/posts"}],"about":[{"href":"https:\/\/www.ifbaiano.edu.br\/unidades\/lapa\/wp-json\/wp\/v2\/types\/post"}],"author":[{"embeddable":true,"href":"https:\/\/www.ifbaiano.edu.br\/unidades\/lapa\/wp-json\/wp\/v2\/users\/41"}],"replies":[{"embeddable":true,"href":"https:\/\/www.ifbaiano.edu.br\/unidades\/lapa\/wp-json\/wp\/v2\/comments?post=1215"}],"version-history":[{"count":3,"href":"https:\/\/www.ifbaiano.edu.br\/unidades\/lapa\/wp-json\/wp\/v2\/posts\/1215\/revisions"}],"predecessor-version":[{"id":1218,"href":"https:\/\/www.ifbaiano.edu.br\/unidades\/lapa\/wp-json\/wp\/v2\/posts\/1215\/revisions\/1218"}],"wp:attachment":[{"href":"https:\/\/www.ifbaiano.edu.br\/unidades\/lapa\/wp-json\/wp\/v2\/media?parent=1215"}],"wp:term":[{"taxonomy":"category","embeddable":true,"href":"https:\/\/www.ifbaiano.edu.br\/unidades\/lapa\/wp-json\/wp\/v2\/categories?post=1215"},{"taxonomy":"post_tag","embeddable":true,"href":"https:\/\/www.ifbaiano.edu.br\/unidades\/lapa\/wp-json\/wp\/v2\/tags?post=1215"}],"curies":[{"name":"wp","href":"https:\/\/api.w.org\/{rel}","templated":true}]}}