{"id":12159,"date":"2019-03-20T16:38:29","date_gmt":"2019-03-20T19:38:29","guid":{"rendered":"http:\/\/www.ifbaiano.edu.br\/unidades\/lapa\/?p=12159"},"modified":"2019-03-20T16:38:29","modified_gmt":"2019-03-20T19:38:29","slug":"resultado-final-e-nota-informativa-sobre-matricula-de-pos-graduacao-em-educacao-matematica","status":"publish","type":"post","link":"https:\/\/www.ifbaiano.edu.br\/unidades\/lapa\/2019\/03\/20\/resultado-final-e-nota-informativa-sobre-matricula-de-pos-graduacao-em-educacao-matematica\/","title":{"rendered":"Resultado Final e Nota Informativa sobre matr\u00edcula de p\u00f3s-gradua\u00e7\u00e3o em Educa\u00e7\u00e3o Matem\u00e1tica"},"content":{"rendered":"<p><a href=\"http:\/\/www.ifbaiano.edu.br\/unidades\/lapa\/files\/2016\/07\/Resultado-final-da-especializa\u00e7\u00e3o-Processo-2019.1.pdf\" target=\"_blank\">Resultado final da especializa\u00e7\u00e3o &#8211; Processo 2019.1<\/a><br \/>\n<a href=\"http:\/\/www.ifbaiano.edu.br\/unidades\/lapa\/files\/2016\/07\/Nota-informativa-02-Datas-e-hor\u00e1rios-de-matr\u00edcula.pdf\" target=\"_blank\">Nota informativa 02 &#8211; Datas e hor\u00e1rios de matr\u00edcula<\/a><\/p>\n","protected":false},"excerpt":{"rendered":"<p>Resultado final da especializa\u00e7\u00e3o &#8211; Processo 2019.1 Nota informativa 02 &#8211; Datas e hor\u00e1rios de matr\u00edcula<\/p>\n","protected":false},"author":100,"featured_media":0,"comment_status":"open","ping_status":"open","sticky":false,"template":"","format":"standard","meta":[],"categories":[34,64,71,24,65],"tags":[],"_links":{"self":[{"href":"https:\/\/www.ifbaiano.edu.br\/unidades\/lapa\/wp-json\/wp\/v2\/posts\/12159"}],"collection":[{"href":"https:\/\/www.ifbaiano.edu.br\/unidades\/lapa\/wp-json\/wp\/v2\/posts"}],"about":[{"href":"https:\/\/www.ifbaiano.edu.br\/unidades\/lapa\/wp-json\/wp\/v2\/types\/post"}],"author":[{"embeddable":true,"href":"https:\/\/www.ifbaiano.edu.br\/unidades\/lapa\/wp-json\/wp\/v2\/users\/100"}],"replies":[{"embeddable":true,"href":"https:\/\/www.ifbaiano.edu.br\/unidades\/lapa\/wp-json\/wp\/v2\/comments?post=12159"}],"version-history":[{"count":3,"href":"https:\/\/www.ifbaiano.edu.br\/unidades\/lapa\/wp-json\/wp\/v2\/posts\/12159\/revisions"}],"predecessor-version":[{"id":12162,"href":"https:\/\/www.ifbaiano.edu.br\/unidades\/lapa\/wp-json\/wp\/v2\/posts\/12159\/revisions\/12162"}],"wp:attachment":[{"href":"https:\/\/www.ifbaiano.edu.br\/unidades\/lapa\/wp-json\/wp\/v2\/media?parent=12159"}],"wp:term":[{"taxonomy":"category","embeddable":true,"href":"https:\/\/www.ifbaiano.edu.br\/unidades\/lapa\/wp-json\/wp\/v2\/categories?post=12159"},{"taxonomy":"post_tag","embeddable":true,"href":"https:\/\/www.ifbaiano.edu.br\/unidades\/lapa\/wp-json\/wp\/v2\/tags?post=12159"}],"curies":[{"name":"wp","href":"https:\/\/api.w.org\/{rel}","templated":true}]}}