{"id":12175,"date":"2019-03-21T16:29:08","date_gmt":"2019-03-21T19:29:08","guid":{"rendered":"http:\/\/www.ifbaiano.edu.br\/unidades\/lapa\/?p=12175"},"modified":"2019-03-21T16:36:06","modified_gmt":"2019-03-21T19:36:06","slug":"alunos-do-if-baiano-campus-bom-jesus-da-lapa-sao-premiados-em-competicao-americana-de-taekwondo","status":"publish","type":"post","link":"https:\/\/www.ifbaiano.edu.br\/unidades\/lapa\/2019\/03\/21\/alunos-do-if-baiano-campus-bom-jesus-da-lapa-sao-premiados-em-competicao-americana-de-taekwondo\/","title":{"rendered":"Alunos do IF Baiano &#8211; Campus Bom Jesus da Lapa s\u00e3o premiados em competi\u00e7\u00e3o americana de Taekwondo"},"content":{"rendered":"<p style=\"text-align: justify\">Realizada no per\u00edodo de 15 a 17 de fevereiro de 2019, em Aruj\u00e1 &#8211; SP, a 12\u00aa Copa Am\u00e9rica de Taekwondo surpreendeu a comunidade acad\u00eamica do Campus Bom Jesus da Lapa, pelo expressivo n\u00famero de medalhas recebidos por 3 de seus alunos, os quais participam do Projeto de Extens\u00e3o Taekwon, vinculado ao Pr\u00f3-Extens\u00e3o 2018. O referido projeto \u00e9 coordenado pelo Professor Heverton Santos Queiroz, em parceria com a Academia Lapa Taekwondo, sob a responsabilidade do Prof. Valdemir Teixeira de Ara\u00fajo.<\/p>\n<p>Estudantes do Campus premiados:<\/p>\n<p><strong>* M\u00e1rio Aparecido Gon\u00e7alves Novaes<\/strong><br \/>\n1\u00b0 Lugar: Luta Individual<br \/>\n2\u00b0 Lugar: Luta Duplas<br \/>\n2\u00b0 Lugar: Poomse<\/p>\n<p><strong>* Visley Santos Da Silva<\/strong><br \/>\n1\u00b0 Lugar: Poomse<br \/>\n2\u00b0 Lugar: Luta Individual<\/p>\n<p><strong>* Guilherme Castro Silva Reis<\/strong><br \/>\n2\u00b0 Lugar: Luta Individual<br \/>\n2\u00b0 Lugar: Luta Duplas<br \/>\n2\u00b0 Lugar: Luta Master<\/p>\n<p>TOTAL:<br \/>\n* 04 Medalhas de ouro<br \/>\n* 04 medalhas de prata<\/p>\n<p><strong>Fonte:<\/strong> Coordena\u00e7\u00e3o de Extens\u00e3o<br \/>\n<img decoding=\"async\" src=\"http:\/\/www.ifbaiano.edu.br\/unidades\/lapa\/files\/2019\/03\/TAEKWONDO_1.jpg\" alt=\"Premia\u00e7\u00e3o em competi\u00e7\u00e3o de Taekwondo\" \/><br \/>\n<img decoding=\"async\" src=\"http:\/\/www.ifbaiano.edu.br\/unidades\/lapa\/files\/2019\/03\/TAEKWONDO_2.jpg\" alt=\"Premia\u00e7\u00e3o em competi\u00e7\u00e3o de Taekwondo\" \/><\/p>\n","protected":false},"excerpt":{"rendered":"<p>Realizada no per\u00edodo de 15 a 17 de fevereiro de 2019, em Aruj\u00e1 &#8211; SP, a 12\u00aa Copa Am\u00e9rica de Taekwondo surpreendeu a comunidade acad\u00eamica do Campus Bom Jesus da Lapa, pelo expressivo n\u00famero de medalhas recebidos por 3 de seus alunos, os quais participam do Projeto de Extens\u00e3o Taekwon, vinculado ao Pr\u00f3-Extens\u00e3o 2018. O [&hellip;]<\/p>\n","protected":false},"author":100,"featured_media":12176,"comment_status":"open","ping_status":"open","sticky":false,"template":"","format":"standard","meta":[],"categories":[64,30,24,40,65],"tags":[],"_links":{"self":[{"href":"https:\/\/www.ifbaiano.edu.br\/unidades\/lapa\/wp-json\/wp\/v2\/posts\/12175"}],"collection":[{"href":"https:\/\/www.ifbaiano.edu.br\/unidades\/lapa\/wp-json\/wp\/v2\/posts"}],"about":[{"href":"https:\/\/www.ifbaiano.edu.br\/unidades\/lapa\/wp-json\/wp\/v2\/types\/post"}],"author":[{"embeddable":true,"href":"https:\/\/www.ifbaiano.edu.br\/unidades\/lapa\/wp-json\/wp\/v2\/users\/100"}],"replies":[{"embeddable":true,"href":"https:\/\/www.ifbaiano.edu.br\/unidades\/lapa\/wp-json\/wp\/v2\/comments?post=12175"}],"version-history":[{"count":5,"href":"https:\/\/www.ifbaiano.edu.br\/unidades\/lapa\/wp-json\/wp\/v2\/posts\/12175\/revisions"}],"predecessor-version":[{"id":12182,"href":"https:\/\/www.ifbaiano.edu.br\/unidades\/lapa\/wp-json\/wp\/v2\/posts\/12175\/revisions\/12182"}],"wp:featuredmedia":[{"embeddable":true,"href":"https:\/\/www.ifbaiano.edu.br\/unidades\/lapa\/wp-json\/wp\/v2\/media\/12176"}],"wp:attachment":[{"href":"https:\/\/www.ifbaiano.edu.br\/unidades\/lapa\/wp-json\/wp\/v2\/media?parent=12175"}],"wp:term":[{"taxonomy":"category","embeddable":true,"href":"https:\/\/www.ifbaiano.edu.br\/unidades\/lapa\/wp-json\/wp\/v2\/categories?post=12175"},{"taxonomy":"post_tag","embeddable":true,"href":"https:\/\/www.ifbaiano.edu.br\/unidades\/lapa\/wp-json\/wp\/v2\/tags?post=12175"}],"curies":[{"name":"wp","href":"https:\/\/api.w.org\/{rel}","templated":true}]}}