{"id":12207,"date":"2019-03-25T15:32:37","date_gmt":"2019-03-25T18:32:37","guid":{"rendered":"http:\/\/www.ifbaiano.edu.br\/unidades\/lapa\/?p=12207"},"modified":"2019-04-01T17:13:51","modified_gmt":"2019-04-01T20:13:51","slug":"lancado-edital-de-curso-horticultor-organico","status":"publish","type":"post","link":"https:\/\/www.ifbaiano.edu.br\/unidades\/lapa\/2019\/03\/25\/lancado-edital-de-curso-horticultor-organico\/","title":{"rendered":"Lan\u00e7ado Edital de Curso Horticultor Org\u00e2nico"},"content":{"rendered":"<p style=\"text-align: justify\">O Campus Bom Jesus da Lapa est\u00e1 com inscri\u00e7\u00f5es abertas para o curso de Forma\u00e7\u00e3o Inicial e Continuada de Horticultor Org\u00e2nico, com carga hor\u00e1ria de 160 horas. Est\u00e3o sendo oferecidas 80 vagas. As inscri\u00e7\u00f5es ocorrer\u00e3o no per\u00edodo de 26 a\u00a0<span id=\"OBJ_PREFIX_DWT96_com_zimbra_date\" class=\"Object\">29 de mar<\/span>\u00e7o de 2019, no Campus Bom Jesus da Lapa.<\/p>\n<p style=\"text-align: justify\">S\u00e3o 80 vagas para jovens e adultos trabalhadores da agricultura familiar e residentes no Territ\u00f3rio Velho Chico.<\/p>\n<p style=\"text-align: justify\">Maiores informa\u00e7\u00f5es acerca de como se inscrever poder\u00e3o ser obtidas no edital presente no seguinte link:<\/p>\n<p><a href=\"http:\/\/www.ifbaiano.edu.br\/unidades\/lapa\/files\/2019\/03\/Edital-Curso-FIC-Horticultor.pdf\" target=\"_blank\">LINK PARA O EDITAL<\/a><\/p>\n<p>Fonte: Coordena\u00e7\u00e3o de Extens\u00e3o<br \/>\n<img decoding=\"async\" loading=\"lazy\" class=\"alignnone size-full wp-image-12253\" src=\"http:\/\/www.ifbaiano.edu.br\/unidades\/lapa\/files\/2019\/03\/card-fic-bj-lapa-marco2019.png\" alt=\"Curso FIC Horticultor Org\u00e2nico\" width=\"800\" height=\"800\" \/><\/p>\n","protected":false},"excerpt":{"rendered":"<p>O Campus Bom Jesus da Lapa est\u00e1 com inscri\u00e7\u00f5es abertas para o curso de Forma\u00e7\u00e3o Inicial e Continuada de Horticultor Org\u00e2nico, com carga hor\u00e1ria de 160 horas. Est\u00e3o sendo oferecidas 80 vagas. As inscri\u00e7\u00f5es ocorrer\u00e3o no per\u00edodo de 26 a\u00a029 de mar\u00e7o de 2019, no Campus Bom Jesus da Lapa. S\u00e3o 80 vagas para jovens [&hellip;]<\/p>\n","protected":false},"author":100,"featured_media":12253,"comment_status":"open","ping_status":"open","sticky":false,"template":"","format":"standard","meta":[],"categories":[64,24,40,65],"tags":[],"_links":{"self":[{"href":"https:\/\/www.ifbaiano.edu.br\/unidades\/lapa\/wp-json\/wp\/v2\/posts\/12207"}],"collection":[{"href":"https:\/\/www.ifbaiano.edu.br\/unidades\/lapa\/wp-json\/wp\/v2\/posts"}],"about":[{"href":"https:\/\/www.ifbaiano.edu.br\/unidades\/lapa\/wp-json\/wp\/v2\/types\/post"}],"author":[{"embeddable":true,"href":"https:\/\/www.ifbaiano.edu.br\/unidades\/lapa\/wp-json\/wp\/v2\/users\/100"}],"replies":[{"embeddable":true,"href":"https:\/\/www.ifbaiano.edu.br\/unidades\/lapa\/wp-json\/wp\/v2\/comments?post=12207"}],"version-history":[{"count":9,"href":"https:\/\/www.ifbaiano.edu.br\/unidades\/lapa\/wp-json\/wp\/v2\/posts\/12207\/revisions"}],"predecessor-version":[{"id":12214,"href":"https:\/\/www.ifbaiano.edu.br\/unidades\/lapa\/wp-json\/wp\/v2\/posts\/12207\/revisions\/12214"}],"wp:featuredmedia":[{"embeddable":true,"href":"https:\/\/www.ifbaiano.edu.br\/unidades\/lapa\/wp-json\/wp\/v2\/media\/12253"}],"wp:attachment":[{"href":"https:\/\/www.ifbaiano.edu.br\/unidades\/lapa\/wp-json\/wp\/v2\/media?parent=12207"}],"wp:term":[{"taxonomy":"category","embeddable":true,"href":"https:\/\/www.ifbaiano.edu.br\/unidades\/lapa\/wp-json\/wp\/v2\/categories?post=12207"},{"taxonomy":"post_tag","embeddable":true,"href":"https:\/\/www.ifbaiano.edu.br\/unidades\/lapa\/wp-json\/wp\/v2\/tags?post=12207"}],"curies":[{"name":"wp","href":"https:\/\/api.w.org\/{rel}","templated":true}]}}