{"id":12272,"date":"2019-03-26T12:24:33","date_gmt":"2019-03-26T15:24:33","guid":{"rendered":"http:\/\/www.ifbaiano.edu.br\/unidades\/lapa\/?p=12272"},"modified":"2019-04-11T10:26:12","modified_gmt":"2019-04-11T13:26:12","slug":"grupo-dance-if-completa-um-ano","status":"publish","type":"post","link":"https:\/\/www.ifbaiano.edu.br\/unidades\/lapa\/2019\/03\/26\/grupo-dance-if-completa-um-ano\/","title":{"rendered":"Grupo Dance IF Completa Um ano"},"content":{"rendered":"<p style=\"text-align: justify\">Grupo de dan\u00e7a Dance IF do Instituto Federal Baiano <em>Campus<\/em> Lapa completou um ano de projeto de extens\u00e3o sobre a coordena\u00e7\u00e3o do professor Vagner e da instrutora Let\u00edcia Fran\u00e7a.<\/p>\n<p><img decoding=\"async\" loading=\"lazy\" class=\"alignnone size-full wp-image-12273\" src=\"http:\/\/www.ifbaiano.edu.br\/unidades\/lapa\/files\/2019\/03\/IMG_8126.jpg\" alt=\"IMG_8126\" width=\"2791\" height=\"1456\"><\/p>\n","protected":false},"excerpt":{"rendered":"<p>Grupo de dan\u00e7a Dance IF do Instituto Federal Baiano Campus Lapa completou um ano de projeto de extens\u00e3o sobre a coordena\u00e7\u00e3o do professor Vagner e da instrutora Let\u00edcia Fran\u00e7a.<\/p>\n","protected":false},"author":100,"featured_media":12273,"comment_status":"open","ping_status":"open","sticky":false,"template":"","format":"standard","meta":[],"categories":[64,30,24,40,65],"tags":[],"_links":{"self":[{"href":"https:\/\/www.ifbaiano.edu.br\/unidades\/lapa\/wp-json\/wp\/v2\/posts\/12272"}],"collection":[{"href":"https:\/\/www.ifbaiano.edu.br\/unidades\/lapa\/wp-json\/wp\/v2\/posts"}],"about":[{"href":"https:\/\/www.ifbaiano.edu.br\/unidades\/lapa\/wp-json\/wp\/v2\/types\/post"}],"author":[{"embeddable":true,"href":"https:\/\/www.ifbaiano.edu.br\/unidades\/lapa\/wp-json\/wp\/v2\/users\/100"}],"replies":[{"embeddable":true,"href":"https:\/\/www.ifbaiano.edu.br\/unidades\/lapa\/wp-json\/wp\/v2\/comments?post=12272"}],"version-history":[{"count":4,"href":"https:\/\/www.ifbaiano.edu.br\/unidades\/lapa\/wp-json\/wp\/v2\/posts\/12272\/revisions"}],"predecessor-version":[{"id":12574,"href":"https:\/\/www.ifbaiano.edu.br\/unidades\/lapa\/wp-json\/wp\/v2\/posts\/12272\/revisions\/12574"}],"wp:featuredmedia":[{"embeddable":true,"href":"https:\/\/www.ifbaiano.edu.br\/unidades\/lapa\/wp-json\/wp\/v2\/media\/12273"}],"wp:attachment":[{"href":"https:\/\/www.ifbaiano.edu.br\/unidades\/lapa\/wp-json\/wp\/v2\/media?parent=12272"}],"wp:term":[{"taxonomy":"category","embeddable":true,"href":"https:\/\/www.ifbaiano.edu.br\/unidades\/lapa\/wp-json\/wp\/v2\/categories?post=12272"},{"taxonomy":"post_tag","embeddable":true,"href":"https:\/\/www.ifbaiano.edu.br\/unidades\/lapa\/wp-json\/wp\/v2\/tags?post=12272"}],"curies":[{"name":"wp","href":"https:\/\/api.w.org\/{rel}","templated":true}]}}