{"id":1229,"date":"2013-07-18T13:51:27","date_gmt":"2013-07-18T15:51:27","guid":{"rendered":"http:\/\/www.ifbaiano.edu.br\/unidades\/lapa\/?p=1229"},"modified":"2013-07-18T13:51:27","modified_gmt":"2013-07-18T15:51:27","slug":"projeto-de-pesquisa-e-aprovado-na-fapesb-com-participacao-de-professores-do-if-baiano-campus-bom-jesus-da-lapa","status":"publish","type":"post","link":"https:\/\/www.ifbaiano.edu.br\/unidades\/lapa\/2013\/07\/18\/projeto-de-pesquisa-e-aprovado-na-fapesb-com-participacao-de-professores-do-if-baiano-campus-bom-jesus-da-lapa\/","title":{"rendered":"Projeto de Pesquisa \u00e9 aprovado na FAPESB com participa\u00e7\u00e3o de professores do IF Baiano campus Bom Jesus da Lapa"},"content":{"rendered":"<p>O projeto foi submetido ao Edital 005\/2013 da FAPESB.<!--more--><\/p>\n<p>Professora da UFRB (Ana Cristina Firmino Soares) aprovou projeto em parceria com a EMBRAPA e o IFBAIANO campus Bom Jesus da Lapa para estudo do res\u00edduo de sisal e microorganismos para o manejo do mal-do-panam\u00e1 e nematoses na cultura da bananeira.<\/p>\n<p>Este projeto foi aprovado no edital 005\/2013 \u2013 Apoio a Projetos Estrat\u00e9gicos para o Estado da Bahia e conta com a participa\u00e7\u00e3o de dois professores do campus, Dr. Jefferson Oliveira de S\u00e1 e Dr. M\u00e1rcio da Silva Alves. O objetivo do projeto busca selecionar isolados de Trichoderma e de rozobact\u00e9rias, al\u00e9m de avaliar o res\u00edduo de sisal para o manejo do mal-do-panam\u00e1 e nematoses na cultura da bananeira, visando o desenvolvimento de produtos biol\u00f3gicos para sistemas de produ\u00e7\u00e3o agr\u00edcola sustent\u00e1veis.<\/p>\n<p>Este projeto \u00e9 uma oportunidade \u00edmpar para estreitar parcerias, promover o interc\u00e2mbio de saberes entre as institui\u00e7\u00f5es de educa\u00e7\u00e3o e pesquisa do cen\u00e1rio brasileiro.<\/p>\n<p>&nbsp;<\/p>\n<p>Fonte: N\u00facleo de Pesquisa e Produ\u00e7\u00e3o \u2013 Campus Bom Jesus da Lapa<\/p>\n","protected":false},"excerpt":{"rendered":"<p>O projeto foi submetido ao Edital 005\/2013 da FAPESB.<\/p>\n","protected":false},"author":41,"featured_media":0,"comment_status":"open","ping_status":"open","sticky":false,"template":"","format":"standard","meta":[],"categories":[40],"tags":[],"_links":{"self":[{"href":"https:\/\/www.ifbaiano.edu.br\/unidades\/lapa\/wp-json\/wp\/v2\/posts\/1229"}],"collection":[{"href":"https:\/\/www.ifbaiano.edu.br\/unidades\/lapa\/wp-json\/wp\/v2\/posts"}],"about":[{"href":"https:\/\/www.ifbaiano.edu.br\/unidades\/lapa\/wp-json\/wp\/v2\/types\/post"}],"author":[{"embeddable":true,"href":"https:\/\/www.ifbaiano.edu.br\/unidades\/lapa\/wp-json\/wp\/v2\/users\/41"}],"replies":[{"embeddable":true,"href":"https:\/\/www.ifbaiano.edu.br\/unidades\/lapa\/wp-json\/wp\/v2\/comments?post=1229"}],"version-history":[{"count":1,"href":"https:\/\/www.ifbaiano.edu.br\/unidades\/lapa\/wp-json\/wp\/v2\/posts\/1229\/revisions"}],"predecessor-version":[{"id":1230,"href":"https:\/\/www.ifbaiano.edu.br\/unidades\/lapa\/wp-json\/wp\/v2\/posts\/1229\/revisions\/1230"}],"wp:attachment":[{"href":"https:\/\/www.ifbaiano.edu.br\/unidades\/lapa\/wp-json\/wp\/v2\/media?parent=1229"}],"wp:term":[{"taxonomy":"category","embeddable":true,"href":"https:\/\/www.ifbaiano.edu.br\/unidades\/lapa\/wp-json\/wp\/v2\/categories?post=1229"},{"taxonomy":"post_tag","embeddable":true,"href":"https:\/\/www.ifbaiano.edu.br\/unidades\/lapa\/wp-json\/wp\/v2\/tags?post=1229"}],"curies":[{"name":"wp","href":"https:\/\/api.w.org\/{rel}","templated":true}]}}